{"id":4732,"date":"2019-03-18T12:11:53","date_gmt":"2019-03-18T11:11:53","guid":{"rendered":"https:\/\/vignoblescompagnie.com\/?p=4732"},"modified":"2019-03-18T12:11:53","modified_gmt":"2019-03-18T11:11:53","slug":"actu-recyclage","status":"publish","type":"post","link":"https:\/\/boutique.vignoblescompagnie.com\/home\/fb-blog\/actu-recyclage\/","title":{"rendered":"Journ\u00e9e mondiale du recyclage"},"content":{"rendered":"<p>[vc_row][vc_column][vc_column_text]<\/p>\n<h2>NOS ID\u00c9ES DE RECYCLAGE BY V&amp;CO<\/h2>\n<p class=\"p1\">En cette journ\u00e9e mondiale du recyclage, agir est essentiel pour pr\u00e9server notre plan\u00e8te. Aujourd&#8217;hui encore, nous sommes encore trop peu \u00e0 penser \u00e0 recycler nos bouteilles de vin. Savez-vous qu&#8217;une bouteille de verre met entre 4000 et 5000 ans avant de se d\u00e9truire dans la nature ?<\/p>\n<p>Il est pourtant possible de recycler le verre de bien des mani\u00e8res diff\u00e9rentes, parfois m\u00eame tr\u00e8s originales. La mani\u00e8re la plus simple est de penser \u00e0 jeter vos bouteilles dans les bacs \u00e0 verre pr\u00e9vus \u00e0 cet effet. Mais vous pouvez aussi\u00a0 transformer vos meilleurs flacons en objets de d\u00e9coration, voil\u00e0 une id\u00e9e audacieuse !<\/p>\n<p>Ainsi, nous avons pris le temps de vous s\u00e9lectionner\u00a0 les meilleurs sites pour vous aider \u00e0 trouver diff\u00e9rentes fa\u00e7ons pour recycler vos bouteilles de vin, vos bouchons et aussi vos palettes !<\/p>\n<p>Il est aujourd&#8217;hui primordial d&#8217;agir pour pr\u00e9server notre environnement et lutter contre le r\u00e9chauffement climatique.<\/p>\n<p>Agissons bien, agissons mieux !<\/p>\n<p><a href=\"https:\/\/bit.ly\/2wCyIGq\">https:\/\/bit.ly\/2wCyIGq<\/a><br \/>\n<a href=\"https:\/\/bit.ly\/2Oc6Elk\">https:\/\/bit.ly\/2Oc6Elk<\/a><br \/>\n<a href=\"https:\/\/bit.ly\/2Y2Hv1c\">https:\/\/bit.ly\/2Y2Hv1c<\/a>[\/vc_column_text][\/vc_column][\/vc_row][vc_row][vc_column][\/vc_column][\/vc_row]<\/p>\n","protected":false},"excerpt":{"rendered":"<p>[vc_row][vc_column][vc_column_text] NOS ID\u00c9ES DE RECYCLAGE BY V&amp;CO En cette journ\u00e9e mondiale du recyclage, agir est essentiel pour pr\u00e9server notre plan\u00e8te. Aujourd&#8217;hui encore, nous sommes encore trop peu \u00e0 penser \u00e0 recycler nos bouteilles de vin. Savez-vous qu&#8217;une bouteille de verre met entre 4000 et 5000 ans avant de se d\u00e9truire dans la nature ? Il [&hellip;]<\/p>\n","protected":false},"author":39,"featured_media":15735,"comment_status":"closed","ping_status":"open","sticky":false,"template":"","format":"standard","meta":{"footnotes":""},"categories":[1453],"tags":[],"class_list":["post-4732","post","type-post","status-publish","format-standard","has-post-thumbnail","hentry","category-environnement"],"yoast_head":"<!-- This site is optimized with the Yoast SEO plugin v25.9 - https:\/\/yoast.com\/wordpress\/plugins\/seo\/ -->\n<title>Journ\u00e9e mondiale du recyclage - Vignobles &amp; Compagnie<\/title>\n<meta name=\"description\" content=\"Vignobles &amp; Compagnie s&#039;engage dans le d\u00e9veloppement durable en cette journ\u00e9e mondiale du recyclage.\" \/>\n<meta name=\"robots\" content=\"noindex, follow\" \/>\n<meta property=\"og:locale\" content=\"fr_FR\" \/>\n<meta property=\"og:type\" content=\"article\" \/>\n<meta property=\"og:title\" content=\"Journ\u00e9e mondiale du recyclage - Vignobles &amp; Compagnie\" \/>\n<meta property=\"og:description\" content=\"Vignobles &amp; Compagnie s&#039;engage dans le d\u00e9veloppement durable en cette journ\u00e9e mondiale du recyclage.\" \/>\n<meta property=\"og:url\" content=\"https:\/\/boutique.vignoblescompagnie.com\/home\/fb-blog\/actu-recyclage\/\" \/>\n<meta property=\"og:site_name\" content=\"Vignobles &amp; Compagnie\" \/>\n<meta property=\"article:publisher\" content=\"https:\/\/www.facebook.com\/Vignobles-Compagnie-1936655449884246\/\" \/>\n<meta property=\"article:published_time\" content=\"2019-03-18T11:11:53+00:00\" \/>\n<meta property=\"og:image\" content=\"https:\/\/boutique.vignoblescompagnie.com\/wp-content\/uploads\/2019\/03\/img_2347-scaled-1.jpeg\" \/>\n\t<meta property=\"og:image:width\" content=\"2560\" \/>\n\t<meta property=\"og:image:height\" content=\"2560\" \/>\n\t<meta property=\"og:image:type\" content=\"image\/jpeg\" \/>\n<meta name=\"author\" content=\"desouza\" \/>\n<meta name=\"twitter:card\" content=\"summary_large_image\" \/>\n<meta name=\"twitter:label1\" content=\"\u00c9crit par\" \/>\n\t<meta name=\"twitter:data1\" content=\"desouza\" \/>\n\t<meta name=\"twitter:label2\" content=\"Dur\u00e9e de lecture estim\u00e9e\" \/>\n\t<meta name=\"twitter:data2\" content=\"1 minute\" \/>\n<script type=\"application\/ld+json\" class=\"yoast-schema-graph\">{\"@context\":\"https:\/\/schema.org\",\"@graph\":[{\"@type\":\"Article\",\"@id\":\"https:\/\/boutique.vignoblescompagnie.com\/home\/fb-blog\/actu-recyclage\/#article\",\"isPartOf\":{\"@id\":\"https:\/\/boutique.vignoblescompagnie.com\/home\/fb-blog\/actu-recyclage\/\"},\"author\":{\"name\":\"desouza\",\"@id\":\"https:\/\/boutique.vignoblescompagnie.com\/home\/#\/schema\/person\/a38b6e7b1f8dbfab16fcc133ebe4396d\"},\"headline\":\"Journ\u00e9e mondiale du recyclage\",\"datePublished\":\"2019-03-18T11:11:53+00:00\",\"mainEntityOfPage\":{\"@id\":\"https:\/\/boutique.vignoblescompagnie.com\/home\/fb-blog\/actu-recyclage\/\"},\"wordCount\":210,\"publisher\":{\"@id\":\"https:\/\/boutique.vignoblescompagnie.com\/home\/#organization\"},\"image\":{\"@id\":\"https:\/\/boutique.vignoblescompagnie.com\/home\/fb-blog\/actu-recyclage\/#primaryimage\"},\"thumbnailUrl\":\"https:\/\/boutique.vignoblescompagnie.com\/wp-content\/uploads\/2019\/03\/img_2347-scaled-1.jpeg\",\"articleSection\":[\"Environnement\"],\"inLanguage\":\"fr-FR\"},{\"@type\":\"WebPage\",\"@id\":\"https:\/\/boutique.vignoblescompagnie.com\/home\/fb-blog\/actu-recyclage\/\",\"url\":\"https:\/\/boutique.vignoblescompagnie.com\/home\/fb-blog\/actu-recyclage\/\",\"name\":\"Journ\u00e9e mondiale du recyclage - Vignobles & Compagnie\",\"isPartOf\":{\"@id\":\"https:\/\/boutique.vignoblescompagnie.com\/home\/#website\"},\"primaryImageOfPage\":{\"@id\":\"https:\/\/boutique.vignoblescompagnie.com\/home\/fb-blog\/actu-recyclage\/#primaryimage\"},\"image\":{\"@id\":\"https:\/\/boutique.vignoblescompagnie.com\/home\/fb-blog\/actu-recyclage\/#primaryimage\"},\"thumbnailUrl\":\"https:\/\/boutique.vignoblescompagnie.com\/wp-content\/uploads\/2019\/03\/img_2347-scaled-1.jpeg\",\"datePublished\":\"2019-03-18T11:11:53+00:00\",\"description\":\"Vignobles & Compagnie s'engage dans le d\u00e9veloppement durable en cette journ\u00e9e mondiale du recyclage.\",\"breadcrumb\":{\"@id\":\"https:\/\/boutique.vignoblescompagnie.com\/home\/fb-blog\/actu-recyclage\/#breadcrumb\"},\"inLanguage\":\"fr-FR\",\"potentialAction\":[{\"@type\":\"ReadAction\",\"target\":[\"https:\/\/boutique.vignoblescompagnie.com\/home\/fb-blog\/actu-recyclage\/\"]}]},{\"@type\":\"ImageObject\",\"inLanguage\":\"fr-FR\",\"@id\":\"https:\/\/boutique.vignoblescompagnie.com\/home\/fb-blog\/actu-recyclage\/#primaryimage\",\"url\":\"https:\/\/boutique.vignoblescompagnie.com\/wp-content\/uploads\/2019\/03\/img_2347-scaled-1.jpeg\",\"contentUrl\":\"https:\/\/boutique.vignoblescompagnie.com\/wp-content\/uploads\/2019\/03\/img_2347-scaled-1.jpeg\",\"width\":2560,\"height\":2560,\"caption\":\"Image de couverture - Journ\u00e9e mondiale du recyclage\"},{\"@type\":\"BreadcrumbList\",\"@id\":\"https:\/\/boutique.vignoblescompagnie.com\/home\/fb-blog\/actu-recyclage\/#breadcrumb\",\"itemListElement\":[{\"@type\":\"ListItem\",\"position\":1,\"name\":\"Home\",\"item\":\"https:\/\/boutique.vignoblescompagnie.com\/home\/\"},{\"@type\":\"ListItem\",\"position\":2,\"name\":\"Journ\u00e9e mondiale du recyclage\"}]},{\"@type\":\"WebSite\",\"@id\":\"https:\/\/boutique.vignoblescompagnie.com\/home\/#website\",\"url\":\"https:\/\/boutique.vignoblescompagnie.com\/home\/\",\"name\":\"Vignobles &amp; Compagnie\",\"description\":\"Engag\u00e9s depuis 1963\",\"publisher\":{\"@id\":\"https:\/\/boutique.vignoblescompagnie.com\/home\/#organization\"},\"potentialAction\":[{\"@type\":\"SearchAction\",\"target\":{\"@type\":\"EntryPoint\",\"urlTemplate\":\"https:\/\/boutique.vignoblescompagnie.com\/home\/?s={search_term_string}\"},\"query-input\":{\"@type\":\"PropertyValueSpecification\",\"valueRequired\":true,\"valueName\":\"search_term_string\"}}],\"inLanguage\":\"fr-FR\"},{\"@type\":\"Organization\",\"@id\":\"https:\/\/boutique.vignoblescompagnie.com\/home\/#organization\",\"name\":\"Vignobles&Compagnie\",\"url\":\"https:\/\/boutique.vignoblescompagnie.com\/home\/\",\"logo\":{\"@type\":\"ImageObject\",\"inLanguage\":\"fr-FR\",\"@id\":\"https:\/\/boutique.vignoblescompagnie.com\/home\/#\/schema\/logo\/image\/\",\"url\":\"\",\"contentUrl\":\"\",\"caption\":\"Vignobles&Compagnie\"},\"image\":{\"@id\":\"https:\/\/boutique.vignoblescompagnie.com\/home\/#\/schema\/logo\/image\/\"},\"sameAs\":[\"https:\/\/www.facebook.com\/Vignobles-Compagnie-1936655449884246\/\",\"https:\/\/www.instagram.com\/vignoblescompagnie_rhone\/?hl=fr\",\"https:\/\/www.linkedin.com\/company-beta\/16238931\/\",\"https:\/\/www.youtube.com\/channel\/UCG_Dbr-g9ZLVmr2sX-tTO9g\"]},{\"@type\":\"Person\",\"@id\":\"https:\/\/boutique.vignoblescompagnie.com\/home\/#\/schema\/person\/a38b6e7b1f8dbfab16fcc133ebe4396d\",\"name\":\"desouza\",\"image\":{\"@type\":\"ImageObject\",\"inLanguage\":\"fr-FR\",\"@id\":\"https:\/\/boutique.vignoblescompagnie.com\/home\/#\/schema\/person\/image\/\",\"url\":\"https:\/\/secure.gravatar.com\/avatar\/b932eb40383e37fde5774f3ce81f0e53348668125f531b6c17673b1a8b5a1918?s=96&d=mm&r=g\",\"contentUrl\":\"https:\/\/secure.gravatar.com\/avatar\/b932eb40383e37fde5774f3ce81f0e53348668125f531b6c17673b1a8b5a1918?s=96&d=mm&r=g\",\"caption\":\"desouza\"}}]}<\/script>\n<!-- \/ Yoast SEO plugin. -->","yoast_head_json":{"title":"Journ\u00e9e mondiale du recyclage - Vignobles & Compagnie","description":"Vignobles & Compagnie s'engage dans le d\u00e9veloppement durable en cette journ\u00e9e mondiale du recyclage.","robots":{"index":"noindex","follow":"follow"},"og_locale":"fr_FR","og_type":"article","og_title":"Journ\u00e9e mondiale du recyclage - Vignobles & Compagnie","og_description":"Vignobles & Compagnie s'engage dans le d\u00e9veloppement durable en cette journ\u00e9e mondiale du recyclage.","og_url":"https:\/\/boutique.vignoblescompagnie.com\/home\/fb-blog\/actu-recyclage\/","og_site_name":"Vignobles &amp; Compagnie","article_publisher":"https:\/\/www.facebook.com\/Vignobles-Compagnie-1936655449884246\/","article_published_time":"2019-03-18T11:11:53+00:00","og_image":[{"width":2560,"height":2560,"url":"https:\/\/boutique.vignoblescompagnie.com\/wp-content\/uploads\/2019\/03\/img_2347-scaled-1.jpeg","type":"image\/jpeg"}],"author":"desouza","twitter_card":"summary_large_image","twitter_misc":{"\u00c9crit par":"desouza","Dur\u00e9e de lecture estim\u00e9e":"1 minute"},"schema":{"@context":"https:\/\/schema.org","@graph":[{"@type":"Article","@id":"https:\/\/boutique.vignoblescompagnie.com\/home\/fb-blog\/actu-recyclage\/#article","isPartOf":{"@id":"https:\/\/boutique.vignoblescompagnie.com\/home\/fb-blog\/actu-recyclage\/"},"author":{"name":"desouza","@id":"https:\/\/boutique.vignoblescompagnie.com\/home\/#\/schema\/person\/a38b6e7b1f8dbfab16fcc133ebe4396d"},"headline":"Journ\u00e9e mondiale du recyclage","datePublished":"2019-03-18T11:11:53+00:00","mainEntityOfPage":{"@id":"https:\/\/boutique.vignoblescompagnie.com\/home\/fb-blog\/actu-recyclage\/"},"wordCount":210,"publisher":{"@id":"https:\/\/boutique.vignoblescompagnie.com\/home\/#organization"},"image":{"@id":"https:\/\/boutique.vignoblescompagnie.com\/home\/fb-blog\/actu-recyclage\/#primaryimage"},"thumbnailUrl":"https:\/\/boutique.vignoblescompagnie.com\/wp-content\/uploads\/2019\/03\/img_2347-scaled-1.jpeg","articleSection":["Environnement"],"inLanguage":"fr-FR"},{"@type":"WebPage","@id":"https:\/\/boutique.vignoblescompagnie.com\/home\/fb-blog\/actu-recyclage\/","url":"https:\/\/boutique.vignoblescompagnie.com\/home\/fb-blog\/actu-recyclage\/","name":"Journ\u00e9e mondiale du recyclage - Vignobles & Compagnie","isPartOf":{"@id":"https:\/\/boutique.vignoblescompagnie.com\/home\/#website"},"primaryImageOfPage":{"@id":"https:\/\/boutique.vignoblescompagnie.com\/home\/fb-blog\/actu-recyclage\/#primaryimage"},"image":{"@id":"https:\/\/boutique.vignoblescompagnie.com\/home\/fb-blog\/actu-recyclage\/#primaryimage"},"thumbnailUrl":"https:\/\/boutique.vignoblescompagnie.com\/wp-content\/uploads\/2019\/03\/img_2347-scaled-1.jpeg","datePublished":"2019-03-18T11:11:53+00:00","description":"Vignobles & Compagnie s'engage dans le d\u00e9veloppement durable en cette journ\u00e9e mondiale du recyclage.","breadcrumb":{"@id":"https:\/\/boutique.vignoblescompagnie.com\/home\/fb-blog\/actu-recyclage\/#breadcrumb"},"inLanguage":"fr-FR","potentialAction":[{"@type":"ReadAction","target":["https:\/\/boutique.vignoblescompagnie.com\/home\/fb-blog\/actu-recyclage\/"]}]},{"@type":"ImageObject","inLanguage":"fr-FR","@id":"https:\/\/boutique.vignoblescompagnie.com\/home\/fb-blog\/actu-recyclage\/#primaryimage","url":"https:\/\/boutique.vignoblescompagnie.com\/wp-content\/uploads\/2019\/03\/img_2347-scaled-1.jpeg","contentUrl":"https:\/\/boutique.vignoblescompagnie.com\/wp-content\/uploads\/2019\/03\/img_2347-scaled-1.jpeg","width":2560,"height":2560,"caption":"Image de couverture - Journ\u00e9e mondiale du recyclage"},{"@type":"BreadcrumbList","@id":"https:\/\/boutique.vignoblescompagnie.com\/home\/fb-blog\/actu-recyclage\/#breadcrumb","itemListElement":[{"@type":"ListItem","position":1,"name":"Home","item":"https:\/\/boutique.vignoblescompagnie.com\/home\/"},{"@type":"ListItem","position":2,"name":"Journ\u00e9e mondiale du recyclage"}]},{"@type":"WebSite","@id":"https:\/\/boutique.vignoblescompagnie.com\/home\/#website","url":"https:\/\/boutique.vignoblescompagnie.com\/home\/","name":"Vignobles &amp; Compagnie","description":"Engag\u00e9s depuis 1963","publisher":{"@id":"https:\/\/boutique.vignoblescompagnie.com\/home\/#organization"},"potentialAction":[{"@type":"SearchAction","target":{"@type":"EntryPoint","urlTemplate":"https:\/\/boutique.vignoblescompagnie.com\/home\/?s={search_term_string}"},"query-input":{"@type":"PropertyValueSpecification","valueRequired":true,"valueName":"search_term_string"}}],"inLanguage":"fr-FR"},{"@type":"Organization","@id":"https:\/\/boutique.vignoblescompagnie.com\/home\/#organization","name":"Vignobles&Compagnie","url":"https:\/\/boutique.vignoblescompagnie.com\/home\/","logo":{"@type":"ImageObject","inLanguage":"fr-FR","@id":"https:\/\/boutique.vignoblescompagnie.com\/home\/#\/schema\/logo\/image\/","url":"","contentUrl":"","caption":"Vignobles&Compagnie"},"image":{"@id":"https:\/\/boutique.vignoblescompagnie.com\/home\/#\/schema\/logo\/image\/"},"sameAs":["https:\/\/www.facebook.com\/Vignobles-Compagnie-1936655449884246\/","https:\/\/www.instagram.com\/vignoblescompagnie_rhone\/?hl=fr","https:\/\/www.linkedin.com\/company-beta\/16238931\/","https:\/\/www.youtube.com\/channel\/UCG_Dbr-g9ZLVmr2sX-tTO9g"]},{"@type":"Person","@id":"https:\/\/boutique.vignoblescompagnie.com\/home\/#\/schema\/person\/a38b6e7b1f8dbfab16fcc133ebe4396d","name":"desouza","image":{"@type":"ImageObject","inLanguage":"fr-FR","@id":"https:\/\/boutique.vignoblescompagnie.com\/home\/#\/schema\/person\/image\/","url":"https:\/\/secure.gravatar.com\/avatar\/b932eb40383e37fde5774f3ce81f0e53348668125f531b6c17673b1a8b5a1918?s=96&d=mm&r=g","contentUrl":"https:\/\/secure.gravatar.com\/avatar\/b932eb40383e37fde5774f3ce81f0e53348668125f531b6c17673b1a8b5a1918?s=96&d=mm&r=g","caption":"desouza"}}]}},"_links":{"self":[{"href":"https:\/\/boutique.vignoblescompagnie.com\/home\/wp-json\/wp\/v2\/posts\/4732","targetHints":{"allow":["GET"]}}],"collection":[{"href":"https:\/\/boutique.vignoblescompagnie.com\/home\/wp-json\/wp\/v2\/posts"}],"about":[{"href":"https:\/\/boutique.vignoblescompagnie.com\/home\/wp-json\/wp\/v2\/types\/post"}],"author":[{"embeddable":true,"href":"https:\/\/boutique.vignoblescompagnie.com\/home\/wp-json\/wp\/v2\/users\/39"}],"replies":[{"embeddable":true,"href":"https:\/\/boutique.vignoblescompagnie.com\/home\/wp-json\/wp\/v2\/comments?post=4732"}],"version-history":[{"count":0,"href":"https:\/\/boutique.vignoblescompagnie.com\/home\/wp-json\/wp\/v2\/posts\/4732\/revisions"}],"wp:featuredmedia":[{"embeddable":true,"href":"https:\/\/boutique.vignoblescompagnie.com\/home\/wp-json\/wp\/v2\/media\/15735"}],"wp:attachment":[{"href":"https:\/\/boutique.vignoblescompagnie.com\/home\/wp-json\/wp\/v2\/media?parent=4732"}],"wp:term":[{"taxonomy":"category","embeddable":true,"href":"https:\/\/boutique.vignoblescompagnie.com\/home\/wp-json\/wp\/v2\/categories?post=4732"},{"taxonomy":"post_tag","embeddable":true,"href":"https:\/\/boutique.vignoblescompagnie.com\/home\/wp-json\/wp\/v2\/tags?post=4732"}],"curies":[{"name":"wp","href":"https:\/\/api.w.org\/{rel}","templated":true}]}}