{"id":20290,"date":"2025-09-19T14:34:14","date_gmt":"2025-09-19T12:34:14","guid":{"rendered":"https:\/\/www.vignoblescompagnie.com\/?p=20290"},"modified":"2025-09-19T14:34:14","modified_gmt":"2025-09-19T12:34:14","slug":"%f0%9f%8f%a2-life-at-the-company-a-new-face-joins-our-sales-team","status":"publish","type":"post","link":"https:\/\/boutique.vignoblescompagnie.com\/home\/fb-blog\/%f0%9f%8f%a2-life-at-the-company-a-new-face-joins-our-sales-team\/","title":{"rendered":"\ud83c\udfe2 Life at the Company : a new face joins our sales team"},"content":{"rendered":"\n<h3 class=\"wp-block-heading\">Welcome to S\u00e9bastien Legat, France off-trade sales manager<\/h3>\n\n\n\n<p>Vignobles &amp; Compagnie is delighted to welcome S\u00e9bastien Legat as our new France off-trade sales manager. With over 28 years of experience at Casino Group, where he held key roles in the wine and beverage division, he also contributed to the development of Cave de Tain-l\u2019Hermitage.<\/p>\n\n\n\n<p>In his new role, S\u00e9bastien\u2019s mission is to structure and boost sales in retail and off-trade channels. This newly created position reflects V&amp;Co\u2019s determination to strengthen its presence in French supermarkets and support the growth of its strategic wine ranges.<\/p>\n\n\n\n<p>\u27a1 His arrival marks an important step in our development strategy and underlines our ambition to make our wines an even greater part of everyday life for consumers.<\/p>\n\n\n\n<p><em>Team V&amp;Co<\/em><\/p>\n","protected":false},"excerpt":{"rendered":"<p>Welcome to S\u00e9bastien Legat, France off-trade sales manager Vignobles &amp; Compagnie is delighted to welcome S\u00e9bastien Legat as our new France off-trade sales manager. With over 28 years of experience at Casino Group, where he held key roles in the wine and beverage division, he also contributed to the development of Cave de Tain-l\u2019Hermitage. In [&hellip;]<\/p>\n","protected":false},"author":906,"featured_media":20285,"comment_status":"open","ping_status":"open","sticky":false,"template":"","format":"standard","meta":{"footnotes":""},"categories":[1461],"tags":[],"class_list":["post-20290","post","type-post","status-publish","format-standard","has-post-thumbnail","hentry","category-life-at-the-company"],"yoast_head":"<!-- This site is optimized with the Yoast SEO plugin v25.9 - https:\/\/yoast.com\/wordpress\/plugins\/seo\/ -->\n<title>\ud83c\udfe2 Life at the Company : a new face joins our sales team - Vignobles &amp; Compagnie<\/title>\n<meta name=\"description\" content=\"Welcome to S\u00e9bastien Legat, France off-trade sales manager Vignobles &amp; Compagnie is delighted to welcome S\u00e9bastien Legat as our new France off-trade Life at the Company \ud83c\udfe2 Life at the Company : a new face joins our sales team Engag\u00e9s depuis 1963 , Vignobles &amp; Compagnie\" \/>\n<meta name=\"robots\" content=\"noindex, follow\" \/>\n<meta property=\"og:locale\" content=\"fr_FR\" \/>\n<meta property=\"og:type\" content=\"article\" \/>\n<meta property=\"og:title\" content=\"\ud83c\udfe2 Life at the Company : a new face joins our sales team - Vignobles &amp; Compagnie\" \/>\n<meta property=\"og:description\" content=\"Welcome to S\u00e9bastien Legat, France off-trade sales manager Vignobles &amp; Compagnie is delighted to welcome S\u00e9bastien Legat as our new France off-trade Life at the Company \ud83c\udfe2 Life at the Company : a new face joins our sales team Engag\u00e9s depuis 1963 , Vignobles &amp; Compagnie\" \/>\n<meta property=\"og:url\" content=\"https:\/\/boutique.vignoblescompagnie.com\/home\/fb-blog\/%f0%9f%8f%a2-life-at-the-company-a-new-face-joins-our-sales-team\/\" \/>\n<meta property=\"og:site_name\" content=\"Vignobles &amp; Compagnie\" \/>\n<meta property=\"article:publisher\" content=\"https:\/\/www.facebook.com\/Vignobles-Compagnie-1936655449884246\/\" \/>\n<meta property=\"article:published_time\" content=\"2025-09-19T12:34:14+00:00\" \/>\n<meta name=\"author\" content=\"Nolwenn Quiot-Ducarre\" \/>\n<meta name=\"twitter:card\" content=\"summary_large_image\" \/>\n<meta name=\"twitter:label1\" content=\"\u00c9crit par\" \/>\n\t<meta name=\"twitter:data1\" content=\"Nolwenn Quiot-Ducarre\" \/>\n\t<meta name=\"twitter:label2\" content=\"Dur\u00e9e de lecture estim\u00e9e\" \/>\n\t<meta name=\"twitter:data2\" content=\"1 minute\" \/>\n<script type=\"application\/ld+json\" class=\"yoast-schema-graph\">{\"@context\":\"https:\/\/schema.org\",\"@graph\":[{\"@type\":\"Article\",\"@id\":\"https:\/\/boutique.vignoblescompagnie.com\/home\/fb-blog\/%f0%9f%8f%a2-life-at-the-company-a-new-face-joins-our-sales-team\/#article\",\"isPartOf\":{\"@id\":\"https:\/\/boutique.vignoblescompagnie.com\/home\/fb-blog\/%f0%9f%8f%a2-life-at-the-company-a-new-face-joins-our-sales-team\/\"},\"author\":{\"name\":\"Nolwenn Quiot-Ducarre\",\"@id\":\"https:\/\/boutique.vignoblescompagnie.com\/home\/#\/schema\/person\/22575e2c93433935a2a6b445e0d1f10e\"},\"headline\":\"\ud83c\udfe2 Life at the Company : a new face joins our sales team\",\"datePublished\":\"2025-09-19T12:34:14+00:00\",\"mainEntityOfPage\":{\"@id\":\"https:\/\/boutique.vignoblescompagnie.com\/home\/fb-blog\/%f0%9f%8f%a2-life-at-the-company-a-new-face-joins-our-sales-team\/\"},\"wordCount\":143,\"commentCount\":0,\"publisher\":{\"@id\":\"https:\/\/boutique.vignoblescompagnie.com\/home\/#organization\"},\"image\":{\"@id\":\"https:\/\/boutique.vignoblescompagnie.com\/home\/fb-blog\/%f0%9f%8f%a2-life-at-the-company-a-new-face-joins-our-sales-team\/#primaryimage\"},\"thumbnailUrl\":\"https:\/\/boutique.vignoblescompagnie.com\/wp-content\/uploads\/2025\/09\/VIE-DENTREPRISE-SEBASTIEN-LEGAT.webp\",\"articleSection\":[\"Life at the Company\"],\"inLanguage\":\"fr-FR\",\"potentialAction\":[{\"@type\":\"CommentAction\",\"name\":\"Comment\",\"target\":[\"https:\/\/boutique.vignoblescompagnie.com\/home\/fb-blog\/%f0%9f%8f%a2-life-at-the-company-a-new-face-joins-our-sales-team\/#respond\"]}]},{\"@type\":\"WebPage\",\"@id\":\"https:\/\/boutique.vignoblescompagnie.com\/home\/fb-blog\/%f0%9f%8f%a2-life-at-the-company-a-new-face-joins-our-sales-team\/\",\"url\":\"https:\/\/boutique.vignoblescompagnie.com\/home\/fb-blog\/%f0%9f%8f%a2-life-at-the-company-a-new-face-joins-our-sales-team\/\",\"name\":\"\ud83c\udfe2 Life at the Company : a new face joins our sales team - Vignobles &amp; Compagnie\",\"isPartOf\":{\"@id\":\"https:\/\/boutique.vignoblescompagnie.com\/home\/#website\"},\"primaryImageOfPage\":{\"@id\":\"https:\/\/boutique.vignoblescompagnie.com\/home\/fb-blog\/%f0%9f%8f%a2-life-at-the-company-a-new-face-joins-our-sales-team\/#primaryimage\"},\"image\":{\"@id\":\"https:\/\/boutique.vignoblescompagnie.com\/home\/fb-blog\/%f0%9f%8f%a2-life-at-the-company-a-new-face-joins-our-sales-team\/#primaryimage\"},\"thumbnailUrl\":\"https:\/\/boutique.vignoblescompagnie.com\/wp-content\/uploads\/2025\/09\/VIE-DENTREPRISE-SEBASTIEN-LEGAT.webp\",\"datePublished\":\"2025-09-19T12:34:14+00:00\",\"description\":\"Welcome to S\u00e9bastien Legat, France off-trade sales manager Vignobles &amp; Compagnie is delighted to welcome S\u00e9bastien Legat as our new France off-trade Life at the Company \ud83c\udfe2 Life at the Company : a new face joins our sales team Engag\u00e9s depuis 1963 , Vignobles &amp; Compagnie\",\"breadcrumb\":{\"@id\":\"https:\/\/boutique.vignoblescompagnie.com\/home\/fb-blog\/%f0%9f%8f%a2-life-at-the-company-a-new-face-joins-our-sales-team\/#breadcrumb\"},\"inLanguage\":\"fr-FR\",\"potentialAction\":[{\"@type\":\"ReadAction\",\"target\":[\"https:\/\/boutique.vignoblescompagnie.com\/home\/fb-blog\/%f0%9f%8f%a2-life-at-the-company-a-new-face-joins-our-sales-team\/\"]}]},{\"@type\":\"ImageObject\",\"inLanguage\":\"fr-FR\",\"@id\":\"https:\/\/boutique.vignoblescompagnie.com\/home\/fb-blog\/%f0%9f%8f%a2-life-at-the-company-a-new-face-joins-our-sales-team\/#primaryimage\",\"url\":\"https:\/\/boutique.vignoblescompagnie.com\/wp-content\/uploads\/2025\/09\/VIE-DENTREPRISE-SEBASTIEN-LEGAT.webp\",\"contentUrl\":\"https:\/\/boutique.vignoblescompagnie.com\/wp-content\/uploads\/2025\/09\/VIE-DENTREPRISE-SEBASTIEN-LEGAT.webp\",\"width\":494,\"height\":308,\"caption\":\"VIE D'ENTREPRISE - SEBASTIEN LEGAT\"},{\"@type\":\"BreadcrumbList\",\"@id\":\"https:\/\/boutique.vignoblescompagnie.com\/home\/fb-blog\/%f0%9f%8f%a2-life-at-the-company-a-new-face-joins-our-sales-team\/#breadcrumb\",\"itemListElement\":[{\"@type\":\"ListItem\",\"position\":1,\"name\":\"Home\",\"item\":\"https:\/\/boutique.vignoblescompagnie.com\/home\/\"},{\"@type\":\"ListItem\",\"position\":2,\"name\":\"\ud83c\udfe2 Life at the Company : a new face joins our sales team\"}]},{\"@type\":\"WebSite\",\"@id\":\"https:\/\/boutique.vignoblescompagnie.com\/home\/#website\",\"url\":\"https:\/\/boutique.vignoblescompagnie.com\/home\/\",\"name\":\"Vignobles &amp; Compagnie\",\"description\":\"Engag\u00e9s depuis 1963\",\"publisher\":{\"@id\":\"https:\/\/boutique.vignoblescompagnie.com\/home\/#organization\"},\"potentialAction\":[{\"@type\":\"SearchAction\",\"target\":{\"@type\":\"EntryPoint\",\"urlTemplate\":\"https:\/\/boutique.vignoblescompagnie.com\/home\/?s={search_term_string}\"},\"query-input\":{\"@type\":\"PropertyValueSpecification\",\"valueRequired\":true,\"valueName\":\"search_term_string\"}}],\"inLanguage\":\"fr-FR\"},{\"@type\":\"Organization\",\"@id\":\"https:\/\/boutique.vignoblescompagnie.com\/home\/#organization\",\"name\":\"Vignobles&Compagnie\",\"url\":\"https:\/\/boutique.vignoblescompagnie.com\/home\/\",\"logo\":{\"@type\":\"ImageObject\",\"inLanguage\":\"fr-FR\",\"@id\":\"https:\/\/boutique.vignoblescompagnie.com\/home\/#\/schema\/logo\/image\/\",\"url\":\"\",\"contentUrl\":\"\",\"caption\":\"Vignobles&Compagnie\"},\"image\":{\"@id\":\"https:\/\/boutique.vignoblescompagnie.com\/home\/#\/schema\/logo\/image\/\"},\"sameAs\":[\"https:\/\/www.facebook.com\/Vignobles-Compagnie-1936655449884246\/\",\"https:\/\/www.instagram.com\/vignoblescompagnie_rhone\/?hl=fr\",\"https:\/\/www.linkedin.com\/company-beta\/16238931\/\",\"https:\/\/www.youtube.com\/channel\/UCG_Dbr-g9ZLVmr2sX-tTO9g\"]},{\"@type\":\"Person\",\"@id\":\"https:\/\/boutique.vignoblescompagnie.com\/home\/#\/schema\/person\/22575e2c93433935a2a6b445e0d1f10e\",\"name\":\"Nolwenn Quiot-Ducarre\",\"image\":{\"@type\":\"ImageObject\",\"inLanguage\":\"fr-FR\",\"@id\":\"https:\/\/boutique.vignoblescompagnie.com\/home\/#\/schema\/person\/image\/\",\"url\":\"https:\/\/secure.gravatar.com\/avatar\/886fe3022312387f24fa024d5c7f94d7c199e1e5950bf506fb234e605d458409?s=96&d=mm&r=g\",\"contentUrl\":\"https:\/\/secure.gravatar.com\/avatar\/886fe3022312387f24fa024d5c7f94d7c199e1e5950bf506fb234e605d458409?s=96&d=mm&r=g\",\"caption\":\"Nolwenn Quiot-Ducarre\"}}]}<\/script>\n<!-- \/ Yoast SEO plugin. -->","yoast_head_json":{"title":"\ud83c\udfe2 Life at the Company : a new face joins our sales team - Vignobles &amp; Compagnie","description":"Welcome to S\u00e9bastien Legat, France off-trade sales manager Vignobles &amp; Compagnie is delighted to welcome S\u00e9bastien Legat as our new France off-trade Life at the Company \ud83c\udfe2 Life at the Company : a new face joins our sales team Engag\u00e9s depuis 1963 , Vignobles &amp; Compagnie","robots":{"index":"noindex","follow":"follow"},"og_locale":"fr_FR","og_type":"article","og_title":"\ud83c\udfe2 Life at the Company : a new face joins our sales team - Vignobles &amp; Compagnie","og_description":"Welcome to S\u00e9bastien Legat, France off-trade sales manager Vignobles &amp; Compagnie is delighted to welcome S\u00e9bastien Legat as our new France off-trade Life at the Company \ud83c\udfe2 Life at the Company : a new face joins our sales team Engag\u00e9s depuis 1963 , Vignobles &amp; Compagnie","og_url":"https:\/\/boutique.vignoblescompagnie.com\/home\/fb-blog\/%f0%9f%8f%a2-life-at-the-company-a-new-face-joins-our-sales-team\/","og_site_name":"Vignobles &amp; Compagnie","article_publisher":"https:\/\/www.facebook.com\/Vignobles-Compagnie-1936655449884246\/","article_published_time":"2025-09-19T12:34:14+00:00","author":"Nolwenn Quiot-Ducarre","twitter_card":"summary_large_image","twitter_misc":{"\u00c9crit par":"Nolwenn Quiot-Ducarre","Dur\u00e9e de lecture estim\u00e9e":"1 minute"},"schema":{"@context":"https:\/\/schema.org","@graph":[{"@type":"Article","@id":"https:\/\/boutique.vignoblescompagnie.com\/home\/fb-blog\/%f0%9f%8f%a2-life-at-the-company-a-new-face-joins-our-sales-team\/#article","isPartOf":{"@id":"https:\/\/boutique.vignoblescompagnie.com\/home\/fb-blog\/%f0%9f%8f%a2-life-at-the-company-a-new-face-joins-our-sales-team\/"},"author":{"name":"Nolwenn Quiot-Ducarre","@id":"https:\/\/boutique.vignoblescompagnie.com\/home\/#\/schema\/person\/22575e2c93433935a2a6b445e0d1f10e"},"headline":"\ud83c\udfe2 Life at the Company : a new face joins our sales team","datePublished":"2025-09-19T12:34:14+00:00","mainEntityOfPage":{"@id":"https:\/\/boutique.vignoblescompagnie.com\/home\/fb-blog\/%f0%9f%8f%a2-life-at-the-company-a-new-face-joins-our-sales-team\/"},"wordCount":143,"commentCount":0,"publisher":{"@id":"https:\/\/boutique.vignoblescompagnie.com\/home\/#organization"},"image":{"@id":"https:\/\/boutique.vignoblescompagnie.com\/home\/fb-blog\/%f0%9f%8f%a2-life-at-the-company-a-new-face-joins-our-sales-team\/#primaryimage"},"thumbnailUrl":"https:\/\/boutique.vignoblescompagnie.com\/wp-content\/uploads\/2025\/09\/VIE-DENTREPRISE-SEBASTIEN-LEGAT.webp","articleSection":["Life at the Company"],"inLanguage":"fr-FR","potentialAction":[{"@type":"CommentAction","name":"Comment","target":["https:\/\/boutique.vignoblescompagnie.com\/home\/fb-blog\/%f0%9f%8f%a2-life-at-the-company-a-new-face-joins-our-sales-team\/#respond"]}]},{"@type":"WebPage","@id":"https:\/\/boutique.vignoblescompagnie.com\/home\/fb-blog\/%f0%9f%8f%a2-life-at-the-company-a-new-face-joins-our-sales-team\/","url":"https:\/\/boutique.vignoblescompagnie.com\/home\/fb-blog\/%f0%9f%8f%a2-life-at-the-company-a-new-face-joins-our-sales-team\/","name":"\ud83c\udfe2 Life at the Company : a new face joins our sales team - Vignobles &amp; Compagnie","isPartOf":{"@id":"https:\/\/boutique.vignoblescompagnie.com\/home\/#website"},"primaryImageOfPage":{"@id":"https:\/\/boutique.vignoblescompagnie.com\/home\/fb-blog\/%f0%9f%8f%a2-life-at-the-company-a-new-face-joins-our-sales-team\/#primaryimage"},"image":{"@id":"https:\/\/boutique.vignoblescompagnie.com\/home\/fb-blog\/%f0%9f%8f%a2-life-at-the-company-a-new-face-joins-our-sales-team\/#primaryimage"},"thumbnailUrl":"https:\/\/boutique.vignoblescompagnie.com\/wp-content\/uploads\/2025\/09\/VIE-DENTREPRISE-SEBASTIEN-LEGAT.webp","datePublished":"2025-09-19T12:34:14+00:00","description":"Welcome to S\u00e9bastien Legat, France off-trade sales manager Vignobles &amp; Compagnie is delighted to welcome S\u00e9bastien Legat as our new France off-trade Life at the Company \ud83c\udfe2 Life at the Company : a new face joins our sales team Engag\u00e9s depuis 1963 , Vignobles &amp; Compagnie","breadcrumb":{"@id":"https:\/\/boutique.vignoblescompagnie.com\/home\/fb-blog\/%f0%9f%8f%a2-life-at-the-company-a-new-face-joins-our-sales-team\/#breadcrumb"},"inLanguage":"fr-FR","potentialAction":[{"@type":"ReadAction","target":["https:\/\/boutique.vignoblescompagnie.com\/home\/fb-blog\/%f0%9f%8f%a2-life-at-the-company-a-new-face-joins-our-sales-team\/"]}]},{"@type":"ImageObject","inLanguage":"fr-FR","@id":"https:\/\/boutique.vignoblescompagnie.com\/home\/fb-blog\/%f0%9f%8f%a2-life-at-the-company-a-new-face-joins-our-sales-team\/#primaryimage","url":"https:\/\/boutique.vignoblescompagnie.com\/wp-content\/uploads\/2025\/09\/VIE-DENTREPRISE-SEBASTIEN-LEGAT.webp","contentUrl":"https:\/\/boutique.vignoblescompagnie.com\/wp-content\/uploads\/2025\/09\/VIE-DENTREPRISE-SEBASTIEN-LEGAT.webp","width":494,"height":308,"caption":"VIE D'ENTREPRISE - SEBASTIEN LEGAT"},{"@type":"BreadcrumbList","@id":"https:\/\/boutique.vignoblescompagnie.com\/home\/fb-blog\/%f0%9f%8f%a2-life-at-the-company-a-new-face-joins-our-sales-team\/#breadcrumb","itemListElement":[{"@type":"ListItem","position":1,"name":"Home","item":"https:\/\/boutique.vignoblescompagnie.com\/home\/"},{"@type":"ListItem","position":2,"name":"\ud83c\udfe2 Life at the Company : a new face joins our sales team"}]},{"@type":"WebSite","@id":"https:\/\/boutique.vignoblescompagnie.com\/home\/#website","url":"https:\/\/boutique.vignoblescompagnie.com\/home\/","name":"Vignobles &amp; Compagnie","description":"Engag\u00e9s depuis 1963","publisher":{"@id":"https:\/\/boutique.vignoblescompagnie.com\/home\/#organization"},"potentialAction":[{"@type":"SearchAction","target":{"@type":"EntryPoint","urlTemplate":"https:\/\/boutique.vignoblescompagnie.com\/home\/?s={search_term_string}"},"query-input":{"@type":"PropertyValueSpecification","valueRequired":true,"valueName":"search_term_string"}}],"inLanguage":"fr-FR"},{"@type":"Organization","@id":"https:\/\/boutique.vignoblescompagnie.com\/home\/#organization","name":"Vignobles&Compagnie","url":"https:\/\/boutique.vignoblescompagnie.com\/home\/","logo":{"@type":"ImageObject","inLanguage":"fr-FR","@id":"https:\/\/boutique.vignoblescompagnie.com\/home\/#\/schema\/logo\/image\/","url":"","contentUrl":"","caption":"Vignobles&Compagnie"},"image":{"@id":"https:\/\/boutique.vignoblescompagnie.com\/home\/#\/schema\/logo\/image\/"},"sameAs":["https:\/\/www.facebook.com\/Vignobles-Compagnie-1936655449884246\/","https:\/\/www.instagram.com\/vignoblescompagnie_rhone\/?hl=fr","https:\/\/www.linkedin.com\/company-beta\/16238931\/","https:\/\/www.youtube.com\/channel\/UCG_Dbr-g9ZLVmr2sX-tTO9g"]},{"@type":"Person","@id":"https:\/\/boutique.vignoblescompagnie.com\/home\/#\/schema\/person\/22575e2c93433935a2a6b445e0d1f10e","name":"Nolwenn Quiot-Ducarre","image":{"@type":"ImageObject","inLanguage":"fr-FR","@id":"https:\/\/boutique.vignoblescompagnie.com\/home\/#\/schema\/person\/image\/","url":"https:\/\/secure.gravatar.com\/avatar\/886fe3022312387f24fa024d5c7f94d7c199e1e5950bf506fb234e605d458409?s=96&d=mm&r=g","contentUrl":"https:\/\/secure.gravatar.com\/avatar\/886fe3022312387f24fa024d5c7f94d7c199e1e5950bf506fb234e605d458409?s=96&d=mm&r=g","caption":"Nolwenn Quiot-Ducarre"}}]}},"_links":{"self":[{"href":"https:\/\/boutique.vignoblescompagnie.com\/home\/wp-json\/wp\/v2\/posts\/20290","targetHints":{"allow":["GET"]}}],"collection":[{"href":"https:\/\/boutique.vignoblescompagnie.com\/home\/wp-json\/wp\/v2\/posts"}],"about":[{"href":"https:\/\/boutique.vignoblescompagnie.com\/home\/wp-json\/wp\/v2\/types\/post"}],"author":[{"embeddable":true,"href":"https:\/\/boutique.vignoblescompagnie.com\/home\/wp-json\/wp\/v2\/users\/906"}],"replies":[{"embeddable":true,"href":"https:\/\/boutique.vignoblescompagnie.com\/home\/wp-json\/wp\/v2\/comments?post=20290"}],"version-history":[{"count":0,"href":"https:\/\/boutique.vignoblescompagnie.com\/home\/wp-json\/wp\/v2\/posts\/20290\/revisions"}],"wp:featuredmedia":[{"embeddable":true,"href":"https:\/\/boutique.vignoblescompagnie.com\/home\/wp-json\/wp\/v2\/media\/20285"}],"wp:attachment":[{"href":"https:\/\/boutique.vignoblescompagnie.com\/home\/wp-json\/wp\/v2\/media?parent=20290"}],"wp:term":[{"taxonomy":"category","embeddable":true,"href":"https:\/\/boutique.vignoblescompagnie.com\/home\/wp-json\/wp\/v2\/categories?post=20290"},{"taxonomy":"post_tag","embeddable":true,"href":"https:\/\/boutique.vignoblescompagnie.com\/home\/wp-json\/wp\/v2\/tags?post=20290"}],"curies":[{"name":"wp","href":"https:\/\/api.w.org\/{rel}","templated":true}]}}