{"id":20203,"date":"2025-10-10T11:13:34","date_gmt":"2025-10-10T09:13:34","guid":{"rendered":"https:\/\/www.vignoblescompagnie.com\/?p=20203"},"modified":"2025-10-10T11:13:34","modified_gmt":"2025-10-10T09:13:34","slug":"cocktails-a-base-de-vin-polar-verano","status":"publish","type":"post","link":"https:\/\/boutique.vignoblescompagnie.com\/home\/fb-blog\/cocktails-a-base-de-vin-polar-verano\/","title":{"rendered":"\ud83c\udf77 Cocktails \u00e0 base de vin : Polar Verano"},"content":{"rendered":"\n<h3 class=\"wp-block-heading\">Le cocktail glac\u00e9 qui r\u00e9invente le Tinto de Verano<\/h3>\n\n\n\n<hr class=\"wp-block-separator has-alpha-channel-opacity\"\/>\n\n\n<div class=\"wp-block-post-date\"><time datetime=\"2025-10-10T11:13:34+02:00\">octobre 10, 2025<\/time><\/div>\n\n\n<h5 class=\"wp-block-heading\">Par Nolwenn Quiot-Ducarre<\/h5>\n\n\n\n<p>Une marche dans le froid polaire\u2026 mais version estivale ! Le <strong>Polar Verano<\/strong> est une revisite \u00e9l\u00e9gante du c\u00e9l\u00e8bre cocktail espagnol Tinto de Verano. Inspir\u00e9 par l\u2019esprit frais et gourmet de notre <a href=\"https:\/\/boutique.vignoblescompagnie.com\/produit\/polar-walk-vin-de-france-rouge-2024\/\" data-type=\"link\" data-id=\"https:\/\/boutique.vignoblescompagnie.com\/produit\/polar-walk-vin-de-france-rouge-2024\/\" target=\"_blank\" rel=\"noreferrer noopener\">Polar Walk \u2013 Vin de France rouge<\/a>, ce cocktail s\u00e9duit par sa simplicit\u00e9 et sa vivacit\u00e9. Loin de la chaleur andalouse originelle, il capture une fra\u00eecheur \u00ab polaire \u00bb : l\u00e9ger, fruit\u00e9 et d\u00e9salt\u00e9rant. \u00c0 savourer aussi bien lors d\u2019un ap\u00e9ritif d\u2019\u00e9t\u00e9 que pour surprendre vos invit\u00e9s en hiver, servi tr\u00e8s frais.<\/p>\n\n\n\n<h4 class=\"wp-block-heading\">\ud83c\udf79 Recette du Polar Verano<\/h4>\n\n\n\n<p>Ingr\u00e9dients (1 carafe \u2013 6 verres) :<\/p>\n\n\n\n<ul class=\"wp-block-list\">\n<li>75 cl de Polar Walk \u2013 Vin de France rouge<\/li>\n\n\n\n<li>50 cl de limonade artisanale p\u00e9tillante<\/li>\n\n\n\n<li>1 zeste de citron jaune bio<\/li>\n\n\n\n<li>1 orange bio coup\u00e9e en fines rondelles<\/li>\n\n\n\n<li>Quelques feuilles de menthe fra\u00eeche<\/li>\n\n\n\n<li>Gla\u00e7ons \u00e0 volont\u00e9<\/li>\n<\/ul>\n\n\n\n<p><\/p>\n\n\n\n<h4 class=\"wp-block-heading\">\ud83d\udc69\u200d\ud83c\udf73 Pr\u00e9paration :<\/h4>\n\n\n\n<p><\/p>\n\n\n\n<ol class=\"wp-block-list\">\n<li>Dans une carafe, versez le Polar Walk bien frais.<\/li>\n\n\n\n<li>Ajoutez la limonade artisanale pour l\u2019effervescence.<\/li>\n\n\n\n<li>Glissez les rondelles d\u2019orange et le zeste de citron.<\/li>\n\n\n\n<li>M\u00e9langez d\u00e9licatement.<\/li>\n\n\n\n<li>Ajoutez une belle poign\u00e9e de gla\u00e7ons et quelques feuilles de menthe pour une touche aromatique.<\/li>\n\n\n\n<li>Servez dans des verres larges et profitez de la fra\u00eecheur !<\/li>\n<\/ol>\n\n\n\n<p><\/p>\n\n\n\n<h4 class=\"wp-block-heading\">\ud83c\udf77 Pourquoi \u00e7a fonctionne ?<\/h4>\n\n\n\n<p>Le <strong>Polar Verano<\/strong> met en valeur la finesse et la fra\u00eecheur du <a href=\"https:\/\/boutique.vignoblescompagnie.com\/produit\/polar-walk-vin-de-france-rouge-2024\/\" data-type=\"link\" data-id=\"https:\/\/boutique.vignoblescompagnie.com\/produit\/polar-walk-vin-de-france-rouge-2024\/\" target=\"_blank\" rel=\"noreferrer noopener\">Polar Walk<\/a>. Sa trame fruit\u00e9e et polaire se marie parfaitement avec la douceur p\u00e9tillante de la limonade. L\u2019orange apporte rondeur et soleil, tandis que le citron renforce la vivacit\u00e9. La menthe, enfin, accentue la sensation glaciale de ce cocktail unique. <\/p>\n\n\n\n<blockquote class=\"wp-block-quote has-text-align-center is-layout-flow wp-block-quote-is-layout-flow\">\n<p><em><strong>&#8220;Un \u00e9quilibre subtil entre gourmandise, l\u00e9g\u00e8ret\u00e9 et fra\u00eecheur, qui sublime le vin rouge servi frais.&#8221;<\/strong><\/em><\/p>\n<\/blockquote>\n\n\n\n<h4 class=\"wp-block-heading\">\ud83c\udf74 Accord mets &amp; cocktail<\/h4>\n\n\n\n<p>Le <strong>Polar Verano<\/strong> accompagnera \u00e0 merveille : des tapas m\u00e9diterran\u00e9ens (chorizo doux, olives, tortilla), des grillades estivales ou pour un contraste original, un plateau de fromages frais comme la feta ou le ch\u00e8vre.<\/p>\n\n\n\n<p>Un cocktail \u00e0 partager, comme une invitation \u00e0 marcher ensemble dans le grand froid polaire\u2026 avec le sourire.<\/p>\n\n\n\n<p>Retrouvez<a href=\"https:\/\/www.destinationcocktails.fr\/recette\/cocktail-tinto-de-verano\/\" data-type=\"link\" data-id=\"https:\/\/www.destinationcocktails.fr\/recette\/cocktail-tinto-de-verano\/\" target=\"_blank\" rel=\"noreferrer noopener\"> ici <\/a>la recette originale.<\/p>\n\n\n\n<p>Bonne d\u00e9gustation !<\/p>\n\n\n\n<p><\/p>\n","protected":false},"excerpt":{"rendered":"<p>Le cocktail glac\u00e9 qui r\u00e9invente le Tinto de Verano Par Nolwenn Quiot-Ducarre Une marche dans le froid polaire\u2026 mais version estivale ! Le Polar Verano est une revisite \u00e9l\u00e9gante du c\u00e9l\u00e8bre cocktail espagnol Tinto de Verano. Inspir\u00e9 par l\u2019esprit frais et gourmet de notre Polar Walk \u2013 Vin de France rouge, ce cocktail s\u00e9duit par [&hellip;]<\/p>\n","protected":false},"author":906,"featured_media":20206,"comment_status":"open","ping_status":"open","sticky":false,"template":"","format":"standard","meta":{"footnotes":""},"categories":[1467],"tags":[],"class_list":["post-20203","post","type-post","status-publish","format-standard","has-post-thumbnail","hentry","category-cocktail"],"yoast_head":"<!-- This site is optimized with the Yoast SEO plugin v25.9 - https:\/\/yoast.com\/wordpress\/plugins\/seo\/ -->\n<title>\ud83c\udf77 Cocktails \u00e0 base de vin : Polar Verano - Vignobles &amp; Compagnie<\/title>\n<meta name=\"description\" content=\"Le cocktail glac\u00e9 qui r\u00e9invente le Tinto de Verano Par Nolwenn Quiot-Ducarre Une marche dans le froid polaire\u2026 mais version estivale ! Le Polar Verano est Cocktail \ud83c\udf77 Cocktails \u00e0 base de vin : Polar Verano Engag\u00e9s depuis 1963 , Vignobles &amp; Compagnie\" \/>\n<meta name=\"robots\" content=\"noindex, follow\" \/>\n<meta property=\"og:locale\" content=\"fr_FR\" \/>\n<meta property=\"og:type\" content=\"article\" \/>\n<meta property=\"og:title\" content=\"\ud83c\udf77 Cocktails \u00e0 base de vin : Polar Verano - Vignobles &amp; Compagnie\" \/>\n<meta property=\"og:description\" content=\"Le cocktail glac\u00e9 qui r\u00e9invente le Tinto de Verano Par Nolwenn Quiot-Ducarre Une marche dans le froid polaire\u2026 mais version estivale ! Le Polar Verano est Cocktail \ud83c\udf77 Cocktails \u00e0 base de vin : Polar Verano Engag\u00e9s depuis 1963 , Vignobles &amp; Compagnie\" \/>\n<meta property=\"og:url\" content=\"https:\/\/boutique.vignoblescompagnie.com\/home\/fb-blog\/cocktails-a-base-de-vin-polar-verano\/\" \/>\n<meta property=\"og:site_name\" content=\"Vignobles &amp; Compagnie\" \/>\n<meta property=\"article:publisher\" content=\"https:\/\/www.facebook.com\/Vignobles-Compagnie-1936655449884246\/\" \/>\n<meta property=\"article:published_time\" content=\"2025-10-10T09:13:34+00:00\" \/>\n<meta name=\"author\" content=\"Nolwenn Quiot-Ducarre\" \/>\n<meta name=\"twitter:card\" content=\"summary_large_image\" \/>\n<meta name=\"twitter:label1\" content=\"\u00c9crit par\" \/>\n\t<meta name=\"twitter:data1\" content=\"Nolwenn Quiot-Ducarre\" \/>\n\t<meta name=\"twitter:label2\" content=\"Dur\u00e9e de lecture estim\u00e9e\" \/>\n\t<meta name=\"twitter:data2\" content=\"2 minutes\" \/>\n<script type=\"application\/ld+json\" class=\"yoast-schema-graph\">{\"@context\":\"https:\/\/schema.org\",\"@graph\":[{\"@type\":\"Article\",\"@id\":\"https:\/\/boutique.vignoblescompagnie.com\/home\/fb-blog\/cocktails-a-base-de-vin-polar-verano\/#article\",\"isPartOf\":{\"@id\":\"https:\/\/boutique.vignoblescompagnie.com\/home\/fb-blog\/cocktails-a-base-de-vin-polar-verano\/\"},\"author\":{\"name\":\"Nolwenn Quiot-Ducarre\",\"@id\":\"https:\/\/boutique.vignoblescompagnie.com\/home\/#\/schema\/person\/22575e2c93433935a2a6b445e0d1f10e\"},\"headline\":\"\ud83c\udf77 Cocktails \u00e0 base de vin : Polar Verano\",\"datePublished\":\"2025-10-10T09:13:34+00:00\",\"mainEntityOfPage\":{\"@id\":\"https:\/\/boutique.vignoblescompagnie.com\/home\/fb-blog\/cocktails-a-base-de-vin-polar-verano\/\"},\"wordCount\":353,\"commentCount\":0,\"publisher\":{\"@id\":\"https:\/\/boutique.vignoblescompagnie.com\/home\/#organization\"},\"image\":{\"@id\":\"https:\/\/boutique.vignoblescompagnie.com\/home\/fb-blog\/cocktails-a-base-de-vin-polar-verano\/#primaryimage\"},\"thumbnailUrl\":\"https:\/\/boutique.vignoblescompagnie.com\/wp-content\/uploads\/2025\/09\/COCKTAILS-POLAR-VERANO.webp\",\"articleSection\":[\"Cocktail\"],\"inLanguage\":\"fr-FR\",\"potentialAction\":[{\"@type\":\"CommentAction\",\"name\":\"Comment\",\"target\":[\"https:\/\/boutique.vignoblescompagnie.com\/home\/fb-blog\/cocktails-a-base-de-vin-polar-verano\/#respond\"]}]},{\"@type\":\"WebPage\",\"@id\":\"https:\/\/boutique.vignoblescompagnie.com\/home\/fb-blog\/cocktails-a-base-de-vin-polar-verano\/\",\"url\":\"https:\/\/boutique.vignoblescompagnie.com\/home\/fb-blog\/cocktails-a-base-de-vin-polar-verano\/\",\"name\":\"\ud83c\udf77 Cocktails \u00e0 base de vin : Polar Verano - Vignobles &amp; Compagnie\",\"isPartOf\":{\"@id\":\"https:\/\/boutique.vignoblescompagnie.com\/home\/#website\"},\"primaryImageOfPage\":{\"@id\":\"https:\/\/boutique.vignoblescompagnie.com\/home\/fb-blog\/cocktails-a-base-de-vin-polar-verano\/#primaryimage\"},\"image\":{\"@id\":\"https:\/\/boutique.vignoblescompagnie.com\/home\/fb-blog\/cocktails-a-base-de-vin-polar-verano\/#primaryimage\"},\"thumbnailUrl\":\"https:\/\/boutique.vignoblescompagnie.com\/wp-content\/uploads\/2025\/09\/COCKTAILS-POLAR-VERANO.webp\",\"datePublished\":\"2025-10-10T09:13:34+00:00\",\"description\":\"Le cocktail glac\u00e9 qui r\u00e9invente le Tinto de Verano Par Nolwenn Quiot-Ducarre Une marche dans le froid polaire\u2026 mais version estivale ! Le Polar Verano est Cocktail \ud83c\udf77 Cocktails \u00e0 base de vin : Polar Verano Engag\u00e9s depuis 1963 , Vignobles &amp; Compagnie\",\"breadcrumb\":{\"@id\":\"https:\/\/boutique.vignoblescompagnie.com\/home\/fb-blog\/cocktails-a-base-de-vin-polar-verano\/#breadcrumb\"},\"inLanguage\":\"fr-FR\",\"potentialAction\":[{\"@type\":\"ReadAction\",\"target\":[\"https:\/\/boutique.vignoblescompagnie.com\/home\/fb-blog\/cocktails-a-base-de-vin-polar-verano\/\"]}]},{\"@type\":\"ImageObject\",\"inLanguage\":\"fr-FR\",\"@id\":\"https:\/\/boutique.vignoblescompagnie.com\/home\/fb-blog\/cocktails-a-base-de-vin-polar-verano\/#primaryimage\",\"url\":\"https:\/\/boutique.vignoblescompagnie.com\/wp-content\/uploads\/2025\/09\/COCKTAILS-POLAR-VERANO.webp\",\"contentUrl\":\"https:\/\/boutique.vignoblescompagnie.com\/wp-content\/uploads\/2025\/09\/COCKTAILS-POLAR-VERANO.webp\",\"width\":494,\"height\":308,\"caption\":\"COCKTAILS - POLAR VERANO\"},{\"@type\":\"BreadcrumbList\",\"@id\":\"https:\/\/boutique.vignoblescompagnie.com\/home\/fb-blog\/cocktails-a-base-de-vin-polar-verano\/#breadcrumb\",\"itemListElement\":[{\"@type\":\"ListItem\",\"position\":1,\"name\":\"Home\",\"item\":\"https:\/\/boutique.vignoblescompagnie.com\/home\/\"},{\"@type\":\"ListItem\",\"position\":2,\"name\":\"\ud83c\udf77 Cocktails \u00e0 base de vin : Polar Verano\"}]},{\"@type\":\"WebSite\",\"@id\":\"https:\/\/boutique.vignoblescompagnie.com\/home\/#website\",\"url\":\"https:\/\/boutique.vignoblescompagnie.com\/home\/\",\"name\":\"Vignobles &amp; Compagnie\",\"description\":\"Engag\u00e9s depuis 1963\",\"publisher\":{\"@id\":\"https:\/\/boutique.vignoblescompagnie.com\/home\/#organization\"},\"potentialAction\":[{\"@type\":\"SearchAction\",\"target\":{\"@type\":\"EntryPoint\",\"urlTemplate\":\"https:\/\/boutique.vignoblescompagnie.com\/home\/?s={search_term_string}\"},\"query-input\":{\"@type\":\"PropertyValueSpecification\",\"valueRequired\":true,\"valueName\":\"search_term_string\"}}],\"inLanguage\":\"fr-FR\"},{\"@type\":\"Organization\",\"@id\":\"https:\/\/boutique.vignoblescompagnie.com\/home\/#organization\",\"name\":\"Vignobles&Compagnie\",\"url\":\"https:\/\/boutique.vignoblescompagnie.com\/home\/\",\"logo\":{\"@type\":\"ImageObject\",\"inLanguage\":\"fr-FR\",\"@id\":\"https:\/\/boutique.vignoblescompagnie.com\/home\/#\/schema\/logo\/image\/\",\"url\":\"\",\"contentUrl\":\"\",\"caption\":\"Vignobles&Compagnie\"},\"image\":{\"@id\":\"https:\/\/boutique.vignoblescompagnie.com\/home\/#\/schema\/logo\/image\/\"},\"sameAs\":[\"https:\/\/www.facebook.com\/Vignobles-Compagnie-1936655449884246\/\",\"https:\/\/www.instagram.com\/vignoblescompagnie_rhone\/?hl=fr\",\"https:\/\/www.linkedin.com\/company-beta\/16238931\/\",\"https:\/\/www.youtube.com\/channel\/UCG_Dbr-g9ZLVmr2sX-tTO9g\"]},{\"@type\":\"Person\",\"@id\":\"https:\/\/boutique.vignoblescompagnie.com\/home\/#\/schema\/person\/22575e2c93433935a2a6b445e0d1f10e\",\"name\":\"Nolwenn Quiot-Ducarre\",\"image\":{\"@type\":\"ImageObject\",\"inLanguage\":\"fr-FR\",\"@id\":\"https:\/\/boutique.vignoblescompagnie.com\/home\/#\/schema\/person\/image\/\",\"url\":\"https:\/\/secure.gravatar.com\/avatar\/886fe3022312387f24fa024d5c7f94d7c199e1e5950bf506fb234e605d458409?s=96&d=mm&r=g\",\"contentUrl\":\"https:\/\/secure.gravatar.com\/avatar\/886fe3022312387f24fa024d5c7f94d7c199e1e5950bf506fb234e605d458409?s=96&d=mm&r=g\",\"caption\":\"Nolwenn Quiot-Ducarre\"}}]}<\/script>\n<!-- \/ Yoast SEO plugin. -->","yoast_head_json":{"title":"\ud83c\udf77 Cocktails \u00e0 base de vin : Polar Verano - Vignobles &amp; Compagnie","description":"Le cocktail glac\u00e9 qui r\u00e9invente le Tinto de Verano Par Nolwenn Quiot-Ducarre Une marche dans le froid polaire\u2026 mais version estivale ! Le Polar Verano est Cocktail \ud83c\udf77 Cocktails \u00e0 base de vin : Polar Verano Engag\u00e9s depuis 1963 , Vignobles &amp; Compagnie","robots":{"index":"noindex","follow":"follow"},"og_locale":"fr_FR","og_type":"article","og_title":"\ud83c\udf77 Cocktails \u00e0 base de vin : Polar Verano - Vignobles &amp; Compagnie","og_description":"Le cocktail glac\u00e9 qui r\u00e9invente le Tinto de Verano Par Nolwenn Quiot-Ducarre Une marche dans le froid polaire\u2026 mais version estivale ! Le Polar Verano est Cocktail \ud83c\udf77 Cocktails \u00e0 base de vin : Polar Verano Engag\u00e9s depuis 1963 , Vignobles &amp; Compagnie","og_url":"https:\/\/boutique.vignoblescompagnie.com\/home\/fb-blog\/cocktails-a-base-de-vin-polar-verano\/","og_site_name":"Vignobles &amp; Compagnie","article_publisher":"https:\/\/www.facebook.com\/Vignobles-Compagnie-1936655449884246\/","article_published_time":"2025-10-10T09:13:34+00:00","author":"Nolwenn Quiot-Ducarre","twitter_card":"summary_large_image","twitter_misc":{"\u00c9crit par":"Nolwenn Quiot-Ducarre","Dur\u00e9e de lecture estim\u00e9e":"2 minutes"},"schema":{"@context":"https:\/\/schema.org","@graph":[{"@type":"Article","@id":"https:\/\/boutique.vignoblescompagnie.com\/home\/fb-blog\/cocktails-a-base-de-vin-polar-verano\/#article","isPartOf":{"@id":"https:\/\/boutique.vignoblescompagnie.com\/home\/fb-blog\/cocktails-a-base-de-vin-polar-verano\/"},"author":{"name":"Nolwenn Quiot-Ducarre","@id":"https:\/\/boutique.vignoblescompagnie.com\/home\/#\/schema\/person\/22575e2c93433935a2a6b445e0d1f10e"},"headline":"\ud83c\udf77 Cocktails \u00e0 base de vin : Polar Verano","datePublished":"2025-10-10T09:13:34+00:00","mainEntityOfPage":{"@id":"https:\/\/boutique.vignoblescompagnie.com\/home\/fb-blog\/cocktails-a-base-de-vin-polar-verano\/"},"wordCount":353,"commentCount":0,"publisher":{"@id":"https:\/\/boutique.vignoblescompagnie.com\/home\/#organization"},"image":{"@id":"https:\/\/boutique.vignoblescompagnie.com\/home\/fb-blog\/cocktails-a-base-de-vin-polar-verano\/#primaryimage"},"thumbnailUrl":"https:\/\/boutique.vignoblescompagnie.com\/wp-content\/uploads\/2025\/09\/COCKTAILS-POLAR-VERANO.webp","articleSection":["Cocktail"],"inLanguage":"fr-FR","potentialAction":[{"@type":"CommentAction","name":"Comment","target":["https:\/\/boutique.vignoblescompagnie.com\/home\/fb-blog\/cocktails-a-base-de-vin-polar-verano\/#respond"]}]},{"@type":"WebPage","@id":"https:\/\/boutique.vignoblescompagnie.com\/home\/fb-blog\/cocktails-a-base-de-vin-polar-verano\/","url":"https:\/\/boutique.vignoblescompagnie.com\/home\/fb-blog\/cocktails-a-base-de-vin-polar-verano\/","name":"\ud83c\udf77 Cocktails \u00e0 base de vin : Polar Verano - Vignobles &amp; Compagnie","isPartOf":{"@id":"https:\/\/boutique.vignoblescompagnie.com\/home\/#website"},"primaryImageOfPage":{"@id":"https:\/\/boutique.vignoblescompagnie.com\/home\/fb-blog\/cocktails-a-base-de-vin-polar-verano\/#primaryimage"},"image":{"@id":"https:\/\/boutique.vignoblescompagnie.com\/home\/fb-blog\/cocktails-a-base-de-vin-polar-verano\/#primaryimage"},"thumbnailUrl":"https:\/\/boutique.vignoblescompagnie.com\/wp-content\/uploads\/2025\/09\/COCKTAILS-POLAR-VERANO.webp","datePublished":"2025-10-10T09:13:34+00:00","description":"Le cocktail glac\u00e9 qui r\u00e9invente le Tinto de Verano Par Nolwenn Quiot-Ducarre Une marche dans le froid polaire\u2026 mais version estivale ! Le Polar Verano est Cocktail \ud83c\udf77 Cocktails \u00e0 base de vin : Polar Verano Engag\u00e9s depuis 1963 , Vignobles &amp; Compagnie","breadcrumb":{"@id":"https:\/\/boutique.vignoblescompagnie.com\/home\/fb-blog\/cocktails-a-base-de-vin-polar-verano\/#breadcrumb"},"inLanguage":"fr-FR","potentialAction":[{"@type":"ReadAction","target":["https:\/\/boutique.vignoblescompagnie.com\/home\/fb-blog\/cocktails-a-base-de-vin-polar-verano\/"]}]},{"@type":"ImageObject","inLanguage":"fr-FR","@id":"https:\/\/boutique.vignoblescompagnie.com\/home\/fb-blog\/cocktails-a-base-de-vin-polar-verano\/#primaryimage","url":"https:\/\/boutique.vignoblescompagnie.com\/wp-content\/uploads\/2025\/09\/COCKTAILS-POLAR-VERANO.webp","contentUrl":"https:\/\/boutique.vignoblescompagnie.com\/wp-content\/uploads\/2025\/09\/COCKTAILS-POLAR-VERANO.webp","width":494,"height":308,"caption":"COCKTAILS - POLAR VERANO"},{"@type":"BreadcrumbList","@id":"https:\/\/boutique.vignoblescompagnie.com\/home\/fb-blog\/cocktails-a-base-de-vin-polar-verano\/#breadcrumb","itemListElement":[{"@type":"ListItem","position":1,"name":"Home","item":"https:\/\/boutique.vignoblescompagnie.com\/home\/"},{"@type":"ListItem","position":2,"name":"\ud83c\udf77 Cocktails \u00e0 base de vin : Polar Verano"}]},{"@type":"WebSite","@id":"https:\/\/boutique.vignoblescompagnie.com\/home\/#website","url":"https:\/\/boutique.vignoblescompagnie.com\/home\/","name":"Vignobles &amp; Compagnie","description":"Engag\u00e9s depuis 1963","publisher":{"@id":"https:\/\/boutique.vignoblescompagnie.com\/home\/#organization"},"potentialAction":[{"@type":"SearchAction","target":{"@type":"EntryPoint","urlTemplate":"https:\/\/boutique.vignoblescompagnie.com\/home\/?s={search_term_string}"},"query-input":{"@type":"PropertyValueSpecification","valueRequired":true,"valueName":"search_term_string"}}],"inLanguage":"fr-FR"},{"@type":"Organization","@id":"https:\/\/boutique.vignoblescompagnie.com\/home\/#organization","name":"Vignobles&Compagnie","url":"https:\/\/boutique.vignoblescompagnie.com\/home\/","logo":{"@type":"ImageObject","inLanguage":"fr-FR","@id":"https:\/\/boutique.vignoblescompagnie.com\/home\/#\/schema\/logo\/image\/","url":"","contentUrl":"","caption":"Vignobles&Compagnie"},"image":{"@id":"https:\/\/boutique.vignoblescompagnie.com\/home\/#\/schema\/logo\/image\/"},"sameAs":["https:\/\/www.facebook.com\/Vignobles-Compagnie-1936655449884246\/","https:\/\/www.instagram.com\/vignoblescompagnie_rhone\/?hl=fr","https:\/\/www.linkedin.com\/company-beta\/16238931\/","https:\/\/www.youtube.com\/channel\/UCG_Dbr-g9ZLVmr2sX-tTO9g"]},{"@type":"Person","@id":"https:\/\/boutique.vignoblescompagnie.com\/home\/#\/schema\/person\/22575e2c93433935a2a6b445e0d1f10e","name":"Nolwenn Quiot-Ducarre","image":{"@type":"ImageObject","inLanguage":"fr-FR","@id":"https:\/\/boutique.vignoblescompagnie.com\/home\/#\/schema\/person\/image\/","url":"https:\/\/secure.gravatar.com\/avatar\/886fe3022312387f24fa024d5c7f94d7c199e1e5950bf506fb234e605d458409?s=96&d=mm&r=g","contentUrl":"https:\/\/secure.gravatar.com\/avatar\/886fe3022312387f24fa024d5c7f94d7c199e1e5950bf506fb234e605d458409?s=96&d=mm&r=g","caption":"Nolwenn Quiot-Ducarre"}}]}},"_links":{"self":[{"href":"https:\/\/boutique.vignoblescompagnie.com\/home\/wp-json\/wp\/v2\/posts\/20203","targetHints":{"allow":["GET"]}}],"collection":[{"href":"https:\/\/boutique.vignoblescompagnie.com\/home\/wp-json\/wp\/v2\/posts"}],"about":[{"href":"https:\/\/boutique.vignoblescompagnie.com\/home\/wp-json\/wp\/v2\/types\/post"}],"author":[{"embeddable":true,"href":"https:\/\/boutique.vignoblescompagnie.com\/home\/wp-json\/wp\/v2\/users\/906"}],"replies":[{"embeddable":true,"href":"https:\/\/boutique.vignoblescompagnie.com\/home\/wp-json\/wp\/v2\/comments?post=20203"}],"version-history":[{"count":0,"href":"https:\/\/boutique.vignoblescompagnie.com\/home\/wp-json\/wp\/v2\/posts\/20203\/revisions"}],"wp:featuredmedia":[{"embeddable":true,"href":"https:\/\/boutique.vignoblescompagnie.com\/home\/wp-json\/wp\/v2\/media\/20206"}],"wp:attachment":[{"href":"https:\/\/boutique.vignoblescompagnie.com\/home\/wp-json\/wp\/v2\/media?parent=20203"}],"wp:term":[{"taxonomy":"category","embeddable":true,"href":"https:\/\/boutique.vignoblescompagnie.com\/home\/wp-json\/wp\/v2\/categories?post=20203"},{"taxonomy":"post_tag","embeddable":true,"href":"https:\/\/boutique.vignoblescompagnie.com\/home\/wp-json\/wp\/v2\/tags?post=20203"}],"curies":[{"name":"wp","href":"https:\/\/api.w.org\/{rel}","templated":true}]}}