{"id":19996,"date":"2025-09-03T11:20:00","date_gmt":"2025-09-03T09:20:00","guid":{"rendered":"https:\/\/www.vignoblescompagnie.com\/?p=19996"},"modified":"2025-09-03T11:20:00","modified_gmt":"2025-09-03T09:20:00","slug":"marche-point-final-aux-usa","status":"publish","type":"post","link":"https:\/\/boutique.vignoblescompagnie.com\/home\/fb-blog\/marche-point-final-aux-usa\/","title":{"rendered":"\ud83d\udcca March\u00e9 : point final aux USA"},"content":{"rendered":"\n<h3 class=\"wp-block-heading\">Droits de douane US : 15% confirm\u00e9s pour les vins et spiritueux europ\u00e9ens<\/h3>\n\n\n\n<p>Les n\u00e9gociations n\u2019ont pas suffi : les vins et spiritueux europ\u00e9ens export\u00e9s vers les \u00c9tats-Unis seront d\u00e9sormais tax\u00e9s \u00e0 15%, suite \u00e0 la d\u00e9claration commune publi\u00e9e le 21 ao\u00fbt 2025. L\u2019annonce, faite par Maro\u0161 \u0160ef\u010dovi\u010d, commissaire europ\u00e9en au commerce, confirme que les demandes d\u2019exemption, notamment port\u00e9es par la France et l\u2019Italie, n\u2019ont pas abouti.<\/p>\n\n\n\n<p>\ud83c\udf77 Les discussions se poursuivent, mais cette hausse devrait peser sur le march\u00e9 secondaire des vins fins, d\u00e9j\u00e0 marqu\u00e9 par des tensions commerciales et une forte volatilit\u00e9 des prix.<\/p>\n\n\n\n<p>Pour un article plus d\u00e9taill\u00e9, par Le Monde : <a href=\"https:\/\/www.radiofrance.fr\/franceinter\/podcasts\/le-grand-format\/le-grand-format-du-vendredi-08-aout-2025-2690177\" target=\"_blank\" rel=\"noreferrer noopener\"><a href=\"https:\/\/www.lemonde.fr\/economie\/article\/2025\/08\/21\/droits-de-douane-voitures-produits-pharmaceutiques-et-vins-europeens-seront-bien-taxes-a-15-par-les-etats-unis_6633101_3234.html\">Droits de douane am\u00e9ricains\u00a0: l\u2019UE \u00ab\u00a0n\u2019a pas r\u00e9ussi\u00a0\u00bb \u00e0 obtenir d\u2019exemption pour le vin, qui sera tax\u00e9 \u00e0 hauteur de 15\u00a0%<\/a><\/a><\/p>\n\n\n\n<p><em>\u00c9quipe V&amp;Co<\/em><\/p>\n\n\n\n<p><\/p>\n","protected":false},"excerpt":{"rendered":"<p>Droits de douane US : 15% confirm\u00e9s pour les vins et spiritueux europ\u00e9ens Les n\u00e9gociations n\u2019ont pas suffi : les vins et spiritueux europ\u00e9ens export\u00e9s vers les \u00c9tats-Unis seront d\u00e9sormais tax\u00e9s \u00e0 15%, suite \u00e0 la d\u00e9claration commune publi\u00e9e le 21 ao\u00fbt 2025. L\u2019annonce, faite par Maro\u0161 \u0160ef\u010dovi\u010d, commissaire europ\u00e9en au commerce, confirme que les [&hellip;]<\/p>\n","protected":false},"author":906,"featured_media":19862,"comment_status":"open","ping_status":"open","sticky":false,"template":"","format":"standard","meta":{"footnotes":""},"categories":[1460],"tags":[],"class_list":["post-19996","post","type-post","status-publish","format-standard","has-post-thumbnail","hentry","category-marche"],"yoast_head":"<!-- This site is optimized with the Yoast SEO plugin v25.9 - https:\/\/yoast.com\/wordpress\/plugins\/seo\/ -->\n<title>\ud83d\udcca March\u00e9 : point final aux USA - Vignobles &amp; Compagnie<\/title>\n<meta name=\"description\" content=\"Droits de douane US : 15% confirm\u00e9s pour les vins et spiritueux europ\u00e9ens Les n\u00e9gociations n\u2019ont pas suffi : les vins et spiritueux europ\u00e9ens export\u00e9s March\u00e9 \ud83d\udcca March\u00e9 : point final aux USA Engag\u00e9s depuis 1963 , Vignobles &amp; Compagnie\" \/>\n<meta name=\"robots\" content=\"noindex, follow\" \/>\n<meta property=\"og:locale\" content=\"fr_FR\" \/>\n<meta property=\"og:type\" content=\"article\" \/>\n<meta property=\"og:title\" content=\"\ud83d\udcca March\u00e9 : point final aux USA - Vignobles &amp; Compagnie\" \/>\n<meta property=\"og:description\" content=\"Droits de douane US : 15% confirm\u00e9s pour les vins et spiritueux europ\u00e9ens Les n\u00e9gociations n\u2019ont pas suffi : les vins et spiritueux europ\u00e9ens export\u00e9s March\u00e9 \ud83d\udcca March\u00e9 : point final aux USA Engag\u00e9s depuis 1963 , Vignobles &amp; Compagnie\" \/>\n<meta property=\"og:url\" content=\"https:\/\/boutique.vignoblescompagnie.com\/home\/fb-blog\/marche-point-final-aux-usa\/\" \/>\n<meta property=\"og:site_name\" content=\"Vignobles &amp; Compagnie\" \/>\n<meta property=\"article:publisher\" content=\"https:\/\/www.facebook.com\/Vignobles-Compagnie-1936655449884246\/\" \/>\n<meta property=\"article:published_time\" content=\"2025-09-03T09:20:00+00:00\" \/>\n<meta name=\"author\" content=\"Nolwenn Quiot-Ducarre\" \/>\n<meta name=\"twitter:card\" content=\"summary_large_image\" \/>\n<meta name=\"twitter:label1\" content=\"\u00c9crit par\" \/>\n\t<meta name=\"twitter:data1\" content=\"Nolwenn Quiot-Ducarre\" \/>\n\t<meta name=\"twitter:label2\" content=\"Dur\u00e9e de lecture estim\u00e9e\" \/>\n\t<meta name=\"twitter:data2\" content=\"1 minute\" \/>\n<script type=\"application\/ld+json\" class=\"yoast-schema-graph\">{\"@context\":\"https:\/\/schema.org\",\"@graph\":[{\"@type\":\"Article\",\"@id\":\"https:\/\/boutique.vignoblescompagnie.com\/home\/fb-blog\/marche-point-final-aux-usa\/#article\",\"isPartOf\":{\"@id\":\"https:\/\/boutique.vignoblescompagnie.com\/home\/fb-blog\/marche-point-final-aux-usa\/\"},\"author\":{\"name\":\"Nolwenn Quiot-Ducarre\",\"@id\":\"https:\/\/boutique.vignoblescompagnie.com\/home\/#\/schema\/person\/22575e2c93433935a2a6b445e0d1f10e\"},\"headline\":\"\ud83d\udcca March\u00e9 : point final aux USA\",\"datePublished\":\"2025-09-03T09:20:00+00:00\",\"mainEntityOfPage\":{\"@id\":\"https:\/\/boutique.vignoblescompagnie.com\/home\/fb-blog\/marche-point-final-aux-usa\/\"},\"wordCount\":147,\"commentCount\":0,\"publisher\":{\"@id\":\"https:\/\/boutique.vignoblescompagnie.com\/home\/#organization\"},\"image\":{\"@id\":\"https:\/\/boutique.vignoblescompagnie.com\/home\/fb-blog\/marche-point-final-aux-usa\/#primaryimage\"},\"thumbnailUrl\":\"https:\/\/boutique.vignoblescompagnie.com\/wp-content\/uploads\/2025\/08\/MARCHE-REBOND-AUX-USA.jpg\",\"articleSection\":[\"March\u00e9\"],\"inLanguage\":\"fr-FR\",\"potentialAction\":[{\"@type\":\"CommentAction\",\"name\":\"Comment\",\"target\":[\"https:\/\/boutique.vignoblescompagnie.com\/home\/fb-blog\/marche-point-final-aux-usa\/#respond\"]}]},{\"@type\":\"WebPage\",\"@id\":\"https:\/\/boutique.vignoblescompagnie.com\/home\/fb-blog\/marche-point-final-aux-usa\/\",\"url\":\"https:\/\/boutique.vignoblescompagnie.com\/home\/fb-blog\/marche-point-final-aux-usa\/\",\"name\":\"\ud83d\udcca March\u00e9 : point final aux USA - Vignobles &amp; Compagnie\",\"isPartOf\":{\"@id\":\"https:\/\/boutique.vignoblescompagnie.com\/home\/#website\"},\"primaryImageOfPage\":{\"@id\":\"https:\/\/boutique.vignoblescompagnie.com\/home\/fb-blog\/marche-point-final-aux-usa\/#primaryimage\"},\"image\":{\"@id\":\"https:\/\/boutique.vignoblescompagnie.com\/home\/fb-blog\/marche-point-final-aux-usa\/#primaryimage\"},\"thumbnailUrl\":\"https:\/\/boutique.vignoblescompagnie.com\/wp-content\/uploads\/2025\/08\/MARCHE-REBOND-AUX-USA.jpg\",\"datePublished\":\"2025-09-03T09:20:00+00:00\",\"description\":\"Droits de douane US : 15% confirm\u00e9s pour les vins et spiritueux europ\u00e9ens Les n\u00e9gociations n\u2019ont pas suffi : les vins et spiritueux europ\u00e9ens export\u00e9s March\u00e9 \ud83d\udcca March\u00e9 : point final aux USA Engag\u00e9s depuis 1963 , Vignobles &amp; Compagnie\",\"breadcrumb\":{\"@id\":\"https:\/\/boutique.vignoblescompagnie.com\/home\/fb-blog\/marche-point-final-aux-usa\/#breadcrumb\"},\"inLanguage\":\"fr-FR\",\"potentialAction\":[{\"@type\":\"ReadAction\",\"target\":[\"https:\/\/boutique.vignoblescompagnie.com\/home\/fb-blog\/marche-point-final-aux-usa\/\"]}]},{\"@type\":\"ImageObject\",\"inLanguage\":\"fr-FR\",\"@id\":\"https:\/\/boutique.vignoblescompagnie.com\/home\/fb-blog\/marche-point-final-aux-usa\/#primaryimage\",\"url\":\"https:\/\/boutique.vignoblescompagnie.com\/wp-content\/uploads\/2025\/08\/MARCHE-REBOND-AUX-USA.jpg\",\"contentUrl\":\"https:\/\/boutique.vignoblescompagnie.com\/wp-content\/uploads\/2025\/08\/MARCHE-REBOND-AUX-USA.jpg\",\"width\":1200,\"height\":630,\"caption\":\"MARCHE - REBOND AUX USA\"},{\"@type\":\"BreadcrumbList\",\"@id\":\"https:\/\/boutique.vignoblescompagnie.com\/home\/fb-blog\/marche-point-final-aux-usa\/#breadcrumb\",\"itemListElement\":[{\"@type\":\"ListItem\",\"position\":1,\"name\":\"Home\",\"item\":\"https:\/\/boutique.vignoblescompagnie.com\/home\/\"},{\"@type\":\"ListItem\",\"position\":2,\"name\":\"\ud83d\udcca March\u00e9 : point final aux USA\"}]},{\"@type\":\"WebSite\",\"@id\":\"https:\/\/boutique.vignoblescompagnie.com\/home\/#website\",\"url\":\"https:\/\/boutique.vignoblescompagnie.com\/home\/\",\"name\":\"Vignobles &amp; Compagnie\",\"description\":\"Engag\u00e9s depuis 1963\",\"publisher\":{\"@id\":\"https:\/\/boutique.vignoblescompagnie.com\/home\/#organization\"},\"potentialAction\":[{\"@type\":\"SearchAction\",\"target\":{\"@type\":\"EntryPoint\",\"urlTemplate\":\"https:\/\/boutique.vignoblescompagnie.com\/home\/?s={search_term_string}\"},\"query-input\":{\"@type\":\"PropertyValueSpecification\",\"valueRequired\":true,\"valueName\":\"search_term_string\"}}],\"inLanguage\":\"fr-FR\"},{\"@type\":\"Organization\",\"@id\":\"https:\/\/boutique.vignoblescompagnie.com\/home\/#organization\",\"name\":\"Vignobles&Compagnie\",\"url\":\"https:\/\/boutique.vignoblescompagnie.com\/home\/\",\"logo\":{\"@type\":\"ImageObject\",\"inLanguage\":\"fr-FR\",\"@id\":\"https:\/\/boutique.vignoblescompagnie.com\/home\/#\/schema\/logo\/image\/\",\"url\":\"\",\"contentUrl\":\"\",\"caption\":\"Vignobles&Compagnie\"},\"image\":{\"@id\":\"https:\/\/boutique.vignoblescompagnie.com\/home\/#\/schema\/logo\/image\/\"},\"sameAs\":[\"https:\/\/www.facebook.com\/Vignobles-Compagnie-1936655449884246\/\",\"https:\/\/www.instagram.com\/vignoblescompagnie_rhone\/?hl=fr\",\"https:\/\/www.linkedin.com\/company-beta\/16238931\/\",\"https:\/\/www.youtube.com\/channel\/UCG_Dbr-g9ZLVmr2sX-tTO9g\"]},{\"@type\":\"Person\",\"@id\":\"https:\/\/boutique.vignoblescompagnie.com\/home\/#\/schema\/person\/22575e2c93433935a2a6b445e0d1f10e\",\"name\":\"Nolwenn Quiot-Ducarre\",\"image\":{\"@type\":\"ImageObject\",\"inLanguage\":\"fr-FR\",\"@id\":\"https:\/\/boutique.vignoblescompagnie.com\/home\/#\/schema\/person\/image\/\",\"url\":\"https:\/\/secure.gravatar.com\/avatar\/886fe3022312387f24fa024d5c7f94d7c199e1e5950bf506fb234e605d458409?s=96&d=mm&r=g\",\"contentUrl\":\"https:\/\/secure.gravatar.com\/avatar\/886fe3022312387f24fa024d5c7f94d7c199e1e5950bf506fb234e605d458409?s=96&d=mm&r=g\",\"caption\":\"Nolwenn Quiot-Ducarre\"}}]}<\/script>\n<!-- \/ Yoast SEO plugin. -->","yoast_head_json":{"title":"\ud83d\udcca March\u00e9 : point final aux USA - Vignobles &amp; Compagnie","description":"Droits de douane US : 15% confirm\u00e9s pour les vins et spiritueux europ\u00e9ens Les n\u00e9gociations n\u2019ont pas suffi : les vins et spiritueux europ\u00e9ens export\u00e9s March\u00e9 \ud83d\udcca March\u00e9 : point final aux USA Engag\u00e9s depuis 1963 , Vignobles &amp; Compagnie","robots":{"index":"noindex","follow":"follow"},"og_locale":"fr_FR","og_type":"article","og_title":"\ud83d\udcca March\u00e9 : point final aux USA - Vignobles &amp; Compagnie","og_description":"Droits de douane US : 15% confirm\u00e9s pour les vins et spiritueux europ\u00e9ens Les n\u00e9gociations n\u2019ont pas suffi : les vins et spiritueux europ\u00e9ens export\u00e9s March\u00e9 \ud83d\udcca March\u00e9 : point final aux USA Engag\u00e9s depuis 1963 , Vignobles &amp; Compagnie","og_url":"https:\/\/boutique.vignoblescompagnie.com\/home\/fb-blog\/marche-point-final-aux-usa\/","og_site_name":"Vignobles &amp; Compagnie","article_publisher":"https:\/\/www.facebook.com\/Vignobles-Compagnie-1936655449884246\/","article_published_time":"2025-09-03T09:20:00+00:00","author":"Nolwenn Quiot-Ducarre","twitter_card":"summary_large_image","twitter_misc":{"\u00c9crit par":"Nolwenn Quiot-Ducarre","Dur\u00e9e de lecture estim\u00e9e":"1 minute"},"schema":{"@context":"https:\/\/schema.org","@graph":[{"@type":"Article","@id":"https:\/\/boutique.vignoblescompagnie.com\/home\/fb-blog\/marche-point-final-aux-usa\/#article","isPartOf":{"@id":"https:\/\/boutique.vignoblescompagnie.com\/home\/fb-blog\/marche-point-final-aux-usa\/"},"author":{"name":"Nolwenn Quiot-Ducarre","@id":"https:\/\/boutique.vignoblescompagnie.com\/home\/#\/schema\/person\/22575e2c93433935a2a6b445e0d1f10e"},"headline":"\ud83d\udcca March\u00e9 : point final aux USA","datePublished":"2025-09-03T09:20:00+00:00","mainEntityOfPage":{"@id":"https:\/\/boutique.vignoblescompagnie.com\/home\/fb-blog\/marche-point-final-aux-usa\/"},"wordCount":147,"commentCount":0,"publisher":{"@id":"https:\/\/boutique.vignoblescompagnie.com\/home\/#organization"},"image":{"@id":"https:\/\/boutique.vignoblescompagnie.com\/home\/fb-blog\/marche-point-final-aux-usa\/#primaryimage"},"thumbnailUrl":"https:\/\/boutique.vignoblescompagnie.com\/wp-content\/uploads\/2025\/08\/MARCHE-REBOND-AUX-USA.jpg","articleSection":["March\u00e9"],"inLanguage":"fr-FR","potentialAction":[{"@type":"CommentAction","name":"Comment","target":["https:\/\/boutique.vignoblescompagnie.com\/home\/fb-blog\/marche-point-final-aux-usa\/#respond"]}]},{"@type":"WebPage","@id":"https:\/\/boutique.vignoblescompagnie.com\/home\/fb-blog\/marche-point-final-aux-usa\/","url":"https:\/\/boutique.vignoblescompagnie.com\/home\/fb-blog\/marche-point-final-aux-usa\/","name":"\ud83d\udcca March\u00e9 : point final aux USA - Vignobles &amp; Compagnie","isPartOf":{"@id":"https:\/\/boutique.vignoblescompagnie.com\/home\/#website"},"primaryImageOfPage":{"@id":"https:\/\/boutique.vignoblescompagnie.com\/home\/fb-blog\/marche-point-final-aux-usa\/#primaryimage"},"image":{"@id":"https:\/\/boutique.vignoblescompagnie.com\/home\/fb-blog\/marche-point-final-aux-usa\/#primaryimage"},"thumbnailUrl":"https:\/\/boutique.vignoblescompagnie.com\/wp-content\/uploads\/2025\/08\/MARCHE-REBOND-AUX-USA.jpg","datePublished":"2025-09-03T09:20:00+00:00","description":"Droits de douane US : 15% confirm\u00e9s pour les vins et spiritueux europ\u00e9ens Les n\u00e9gociations n\u2019ont pas suffi : les vins et spiritueux europ\u00e9ens export\u00e9s March\u00e9 \ud83d\udcca March\u00e9 : point final aux USA Engag\u00e9s depuis 1963 , Vignobles &amp; Compagnie","breadcrumb":{"@id":"https:\/\/boutique.vignoblescompagnie.com\/home\/fb-blog\/marche-point-final-aux-usa\/#breadcrumb"},"inLanguage":"fr-FR","potentialAction":[{"@type":"ReadAction","target":["https:\/\/boutique.vignoblescompagnie.com\/home\/fb-blog\/marche-point-final-aux-usa\/"]}]},{"@type":"ImageObject","inLanguage":"fr-FR","@id":"https:\/\/boutique.vignoblescompagnie.com\/home\/fb-blog\/marche-point-final-aux-usa\/#primaryimage","url":"https:\/\/boutique.vignoblescompagnie.com\/wp-content\/uploads\/2025\/08\/MARCHE-REBOND-AUX-USA.jpg","contentUrl":"https:\/\/boutique.vignoblescompagnie.com\/wp-content\/uploads\/2025\/08\/MARCHE-REBOND-AUX-USA.jpg","width":1200,"height":630,"caption":"MARCHE - REBOND AUX USA"},{"@type":"BreadcrumbList","@id":"https:\/\/boutique.vignoblescompagnie.com\/home\/fb-blog\/marche-point-final-aux-usa\/#breadcrumb","itemListElement":[{"@type":"ListItem","position":1,"name":"Home","item":"https:\/\/boutique.vignoblescompagnie.com\/home\/"},{"@type":"ListItem","position":2,"name":"\ud83d\udcca March\u00e9 : point final aux USA"}]},{"@type":"WebSite","@id":"https:\/\/boutique.vignoblescompagnie.com\/home\/#website","url":"https:\/\/boutique.vignoblescompagnie.com\/home\/","name":"Vignobles &amp; Compagnie","description":"Engag\u00e9s depuis 1963","publisher":{"@id":"https:\/\/boutique.vignoblescompagnie.com\/home\/#organization"},"potentialAction":[{"@type":"SearchAction","target":{"@type":"EntryPoint","urlTemplate":"https:\/\/boutique.vignoblescompagnie.com\/home\/?s={search_term_string}"},"query-input":{"@type":"PropertyValueSpecification","valueRequired":true,"valueName":"search_term_string"}}],"inLanguage":"fr-FR"},{"@type":"Organization","@id":"https:\/\/boutique.vignoblescompagnie.com\/home\/#organization","name":"Vignobles&Compagnie","url":"https:\/\/boutique.vignoblescompagnie.com\/home\/","logo":{"@type":"ImageObject","inLanguage":"fr-FR","@id":"https:\/\/boutique.vignoblescompagnie.com\/home\/#\/schema\/logo\/image\/","url":"","contentUrl":"","caption":"Vignobles&Compagnie"},"image":{"@id":"https:\/\/boutique.vignoblescompagnie.com\/home\/#\/schema\/logo\/image\/"},"sameAs":["https:\/\/www.facebook.com\/Vignobles-Compagnie-1936655449884246\/","https:\/\/www.instagram.com\/vignoblescompagnie_rhone\/?hl=fr","https:\/\/www.linkedin.com\/company-beta\/16238931\/","https:\/\/www.youtube.com\/channel\/UCG_Dbr-g9ZLVmr2sX-tTO9g"]},{"@type":"Person","@id":"https:\/\/boutique.vignoblescompagnie.com\/home\/#\/schema\/person\/22575e2c93433935a2a6b445e0d1f10e","name":"Nolwenn Quiot-Ducarre","image":{"@type":"ImageObject","inLanguage":"fr-FR","@id":"https:\/\/boutique.vignoblescompagnie.com\/home\/#\/schema\/person\/image\/","url":"https:\/\/secure.gravatar.com\/avatar\/886fe3022312387f24fa024d5c7f94d7c199e1e5950bf506fb234e605d458409?s=96&d=mm&r=g","contentUrl":"https:\/\/secure.gravatar.com\/avatar\/886fe3022312387f24fa024d5c7f94d7c199e1e5950bf506fb234e605d458409?s=96&d=mm&r=g","caption":"Nolwenn Quiot-Ducarre"}}]}},"_links":{"self":[{"href":"https:\/\/boutique.vignoblescompagnie.com\/home\/wp-json\/wp\/v2\/posts\/19996","targetHints":{"allow":["GET"]}}],"collection":[{"href":"https:\/\/boutique.vignoblescompagnie.com\/home\/wp-json\/wp\/v2\/posts"}],"about":[{"href":"https:\/\/boutique.vignoblescompagnie.com\/home\/wp-json\/wp\/v2\/types\/post"}],"author":[{"embeddable":true,"href":"https:\/\/boutique.vignoblescompagnie.com\/home\/wp-json\/wp\/v2\/users\/906"}],"replies":[{"embeddable":true,"href":"https:\/\/boutique.vignoblescompagnie.com\/home\/wp-json\/wp\/v2\/comments?post=19996"}],"version-history":[{"count":0,"href":"https:\/\/boutique.vignoblescompagnie.com\/home\/wp-json\/wp\/v2\/posts\/19996\/revisions"}],"wp:featuredmedia":[{"embeddable":true,"href":"https:\/\/boutique.vignoblescompagnie.com\/home\/wp-json\/wp\/v2\/media\/19862"}],"wp:attachment":[{"href":"https:\/\/boutique.vignoblescompagnie.com\/home\/wp-json\/wp\/v2\/media?parent=19996"}],"wp:term":[{"taxonomy":"category","embeddable":true,"href":"https:\/\/boutique.vignoblescompagnie.com\/home\/wp-json\/wp\/v2\/categories?post=19996"},{"taxonomy":"post_tag","embeddable":true,"href":"https:\/\/boutique.vignoblescompagnie.com\/home\/wp-json\/wp\/v2\/tags?post=19996"}],"curies":[{"name":"wp","href":"https:\/\/api.w.org\/{rel}","templated":true}]}}