{"id":19980,"date":"2025-09-01T11:08:00","date_gmt":"2025-09-01T09:08:00","guid":{"rendered":"https:\/\/www.vignoblescompagnie.com\/?p=19980"},"modified":"2025-09-01T11:08:00","modified_gmt":"2025-09-01T09:08:00","slug":"marche-bilans-du-vin-en-2025","status":"publish","type":"post","link":"https:\/\/boutique.vignoblescompagnie.com\/home\/fb-blog\/marche-bilans-du-vin-en-2025\/","title":{"rendered":"\ud83d\udcca March\u00e9 : bilans du vin en 2025"},"content":{"rendered":"\n<h3 class=\"wp-block-heading\">Le march\u00e9 secondaire des vins fins en repli, mais la vall\u00e9e du Rh\u00f4ne r\u00e9siste<\/h3>\n\n\n\n<p>Selon le dernier rapport de WineCap, s\u2019appuyant sur les donn\u00e9es de Liv-ex, le march\u00e9 secondaire des vins fins reste sous pression en 2025. Les prix ont continu\u00e9 \u00e0 reculer au premier semestre, dans un contexte global moins dynamique.<\/p>\n\n\n\n<p>Les baisses les plus marqu\u00e9es concernent la Californie, la Bourgogne et le Bordelais, avec un recul moyen de -5,6%, tandis que la vall\u00e9e du Rh\u00f4ne se distingue par une meilleure r\u00e9sistance, limitant la baisse \u00e0 -2,5%.<\/p>\n\n\n\n<p>Cette tendance confirme un march\u00e9 s\u00e9lectif, o\u00f9 la valeur se d\u00e9place vers des r\u00e9gions offrant un bon rapport qualit\u00e9-prix et une image de terroir solide.<\/p>\n\n\n\n<p>Pour en savoir plus : <a href=\"https:\/\/www.thedrinksbusiness.com\/2025\/08\/which-fine-wines-have-performed-best-so-far-in-2025\/\">Which fine wines have performed best so far in 2025?<\/a><\/p>\n\n\n\n<p>\u00c9quipe V&amp;Co<\/p>\n","protected":false},"excerpt":{"rendered":"<p>Le march\u00e9 secondaire des vins fins en repli, mais la vall\u00e9e du Rh\u00f4ne r\u00e9siste Selon le dernier rapport de WineCap, s\u2019appuyant sur les donn\u00e9es de Liv-ex, le march\u00e9 secondaire des vins fins reste sous pression en 2025. Les prix ont continu\u00e9 \u00e0 reculer au premier semestre, dans un contexte global moins dynamique. Les baisses les [&hellip;]<\/p>\n","protected":false},"author":906,"featured_media":17304,"comment_status":"open","ping_status":"open","sticky":false,"template":"","format":"standard","meta":{"footnotes":""},"categories":[1460],"tags":[],"class_list":["post-19980","post","type-post","status-publish","format-standard","has-post-thumbnail","hentry","category-marche"],"yoast_head":"<!-- This site is optimized with the Yoast SEO plugin v25.9 - https:\/\/yoast.com\/wordpress\/plugins\/seo\/ -->\n<title>\ud83d\udcca March\u00e9 : bilans du vin en 2025 - Vignobles &amp; Compagnie<\/title>\n<meta name=\"description\" content=\"Le march\u00e9 secondaire des vins fins en repli, mais la vall\u00e9e du Rh\u00f4ne r\u00e9siste Selon le dernier rapport de WineCap, s\u2019appuyant sur les donn\u00e9es de Liv-ex, le March\u00e9 \ud83d\udcca March\u00e9 : bilans du vin en 2025 Engag\u00e9s depuis 1963 , Vignobles &amp; Compagnie\" \/>\n<meta name=\"robots\" content=\"noindex, follow\" \/>\n<meta property=\"og:locale\" content=\"fr_FR\" \/>\n<meta property=\"og:type\" content=\"article\" \/>\n<meta property=\"og:title\" content=\"\ud83d\udcca March\u00e9 : bilans du vin en 2025 - Vignobles &amp; Compagnie\" \/>\n<meta property=\"og:description\" content=\"Le march\u00e9 secondaire des vins fins en repli, mais la vall\u00e9e du Rh\u00f4ne r\u00e9siste Selon le dernier rapport de WineCap, s\u2019appuyant sur les donn\u00e9es de Liv-ex, le March\u00e9 \ud83d\udcca March\u00e9 : bilans du vin en 2025 Engag\u00e9s depuis 1963 , Vignobles &amp; Compagnie\" \/>\n<meta property=\"og:url\" content=\"https:\/\/boutique.vignoblescompagnie.com\/home\/fb-blog\/marche-bilans-du-vin-en-2025\/\" \/>\n<meta property=\"og:site_name\" content=\"Vignobles &amp; Compagnie\" \/>\n<meta property=\"article:publisher\" content=\"https:\/\/www.facebook.com\/Vignobles-Compagnie-1936655449884246\/\" \/>\n<meta property=\"article:published_time\" content=\"2025-09-01T09:08:00+00:00\" \/>\n<meta name=\"author\" content=\"Nolwenn Quiot-Ducarre\" \/>\n<meta name=\"twitter:card\" content=\"summary_large_image\" \/>\n<meta name=\"twitter:label1\" content=\"\u00c9crit par\" \/>\n\t<meta name=\"twitter:data1\" content=\"Nolwenn Quiot-Ducarre\" \/>\n\t<meta name=\"twitter:label2\" content=\"Dur\u00e9e de lecture estim\u00e9e\" \/>\n\t<meta name=\"twitter:data2\" content=\"1 minute\" \/>\n<script type=\"application\/ld+json\" class=\"yoast-schema-graph\">{\"@context\":\"https:\/\/schema.org\",\"@graph\":[{\"@type\":\"Article\",\"@id\":\"https:\/\/boutique.vignoblescompagnie.com\/home\/fb-blog\/marche-bilans-du-vin-en-2025\/#article\",\"isPartOf\":{\"@id\":\"https:\/\/boutique.vignoblescompagnie.com\/home\/fb-blog\/marche-bilans-du-vin-en-2025\/\"},\"author\":{\"name\":\"Nolwenn Quiot-Ducarre\",\"@id\":\"https:\/\/boutique.vignoblescompagnie.com\/home\/#\/schema\/person\/22575e2c93433935a2a6b445e0d1f10e\"},\"headline\":\"\ud83d\udcca March\u00e9 : bilans du vin en 2025\",\"datePublished\":\"2025-09-01T09:08:00+00:00\",\"mainEntityOfPage\":{\"@id\":\"https:\/\/boutique.vignoblescompagnie.com\/home\/fb-blog\/marche-bilans-du-vin-en-2025\/\"},\"wordCount\":145,\"commentCount\":0,\"publisher\":{\"@id\":\"https:\/\/boutique.vignoblescompagnie.com\/home\/#organization\"},\"image\":{\"@id\":\"https:\/\/boutique.vignoblescompagnie.com\/home\/fb-blog\/marche-bilans-du-vin-en-2025\/#primaryimage\"},\"thumbnailUrl\":\"https:\/\/boutique.vignoblescompagnie.com\/wp-content\/uploads\/2024\/05\/Techniques-de-degustation-niveau-amateur.jpg\",\"articleSection\":[\"March\u00e9\"],\"inLanguage\":\"fr-FR\",\"potentialAction\":[{\"@type\":\"CommentAction\",\"name\":\"Comment\",\"target\":[\"https:\/\/boutique.vignoblescompagnie.com\/home\/fb-blog\/marche-bilans-du-vin-en-2025\/#respond\"]}]},{\"@type\":\"WebPage\",\"@id\":\"https:\/\/boutique.vignoblescompagnie.com\/home\/fb-blog\/marche-bilans-du-vin-en-2025\/\",\"url\":\"https:\/\/boutique.vignoblescompagnie.com\/home\/fb-blog\/marche-bilans-du-vin-en-2025\/\",\"name\":\"\ud83d\udcca March\u00e9 : bilans du vin en 2025 - Vignobles &amp; Compagnie\",\"isPartOf\":{\"@id\":\"https:\/\/boutique.vignoblescompagnie.com\/home\/#website\"},\"primaryImageOfPage\":{\"@id\":\"https:\/\/boutique.vignoblescompagnie.com\/home\/fb-blog\/marche-bilans-du-vin-en-2025\/#primaryimage\"},\"image\":{\"@id\":\"https:\/\/boutique.vignoblescompagnie.com\/home\/fb-blog\/marche-bilans-du-vin-en-2025\/#primaryimage\"},\"thumbnailUrl\":\"https:\/\/boutique.vignoblescompagnie.com\/wp-content\/uploads\/2024\/05\/Techniques-de-degustation-niveau-amateur.jpg\",\"datePublished\":\"2025-09-01T09:08:00+00:00\",\"description\":\"Le march\u00e9 secondaire des vins fins en repli, mais la vall\u00e9e du Rh\u00f4ne r\u00e9siste Selon le dernier rapport de WineCap, s\u2019appuyant sur les donn\u00e9es de Liv-ex, le March\u00e9 \ud83d\udcca March\u00e9 : bilans du vin en 2025 Engag\u00e9s depuis 1963 , Vignobles &amp; Compagnie\",\"breadcrumb\":{\"@id\":\"https:\/\/boutique.vignoblescompagnie.com\/home\/fb-blog\/marche-bilans-du-vin-en-2025\/#breadcrumb\"},\"inLanguage\":\"fr-FR\",\"potentialAction\":[{\"@type\":\"ReadAction\",\"target\":[\"https:\/\/boutique.vignoblescompagnie.com\/home\/fb-blog\/marche-bilans-du-vin-en-2025\/\"]}]},{\"@type\":\"ImageObject\",\"inLanguage\":\"fr-FR\",\"@id\":\"https:\/\/boutique.vignoblescompagnie.com\/home\/fb-blog\/marche-bilans-du-vin-en-2025\/#primaryimage\",\"url\":\"https:\/\/boutique.vignoblescompagnie.com\/wp-content\/uploads\/2024\/05\/Techniques-de-degustation-niveau-amateur.jpg\",\"contentUrl\":\"https:\/\/boutique.vignoblescompagnie.com\/wp-content\/uploads\/2024\/05\/Techniques-de-degustation-niveau-amateur.jpg\",\"width\":612,\"height\":422,\"caption\":\"Verre de vin tricolore\"},{\"@type\":\"BreadcrumbList\",\"@id\":\"https:\/\/boutique.vignoblescompagnie.com\/home\/fb-blog\/marche-bilans-du-vin-en-2025\/#breadcrumb\",\"itemListElement\":[{\"@type\":\"ListItem\",\"position\":1,\"name\":\"Home\",\"item\":\"https:\/\/boutique.vignoblescompagnie.com\/home\/\"},{\"@type\":\"ListItem\",\"position\":2,\"name\":\"\ud83d\udcca March\u00e9 : bilans du vin en 2025\"}]},{\"@type\":\"WebSite\",\"@id\":\"https:\/\/boutique.vignoblescompagnie.com\/home\/#website\",\"url\":\"https:\/\/boutique.vignoblescompagnie.com\/home\/\",\"name\":\"Vignobles &amp; Compagnie\",\"description\":\"Engag\u00e9s depuis 1963\",\"publisher\":{\"@id\":\"https:\/\/boutique.vignoblescompagnie.com\/home\/#organization\"},\"potentialAction\":[{\"@type\":\"SearchAction\",\"target\":{\"@type\":\"EntryPoint\",\"urlTemplate\":\"https:\/\/boutique.vignoblescompagnie.com\/home\/?s={search_term_string}\"},\"query-input\":{\"@type\":\"PropertyValueSpecification\",\"valueRequired\":true,\"valueName\":\"search_term_string\"}}],\"inLanguage\":\"fr-FR\"},{\"@type\":\"Organization\",\"@id\":\"https:\/\/boutique.vignoblescompagnie.com\/home\/#organization\",\"name\":\"Vignobles&Compagnie\",\"url\":\"https:\/\/boutique.vignoblescompagnie.com\/home\/\",\"logo\":{\"@type\":\"ImageObject\",\"inLanguage\":\"fr-FR\",\"@id\":\"https:\/\/boutique.vignoblescompagnie.com\/home\/#\/schema\/logo\/image\/\",\"url\":\"\",\"contentUrl\":\"\",\"caption\":\"Vignobles&Compagnie\"},\"image\":{\"@id\":\"https:\/\/boutique.vignoblescompagnie.com\/home\/#\/schema\/logo\/image\/\"},\"sameAs\":[\"https:\/\/www.facebook.com\/Vignobles-Compagnie-1936655449884246\/\",\"https:\/\/www.instagram.com\/vignoblescompagnie_rhone\/?hl=fr\",\"https:\/\/www.linkedin.com\/company-beta\/16238931\/\",\"https:\/\/www.youtube.com\/channel\/UCG_Dbr-g9ZLVmr2sX-tTO9g\"]},{\"@type\":\"Person\",\"@id\":\"https:\/\/boutique.vignoblescompagnie.com\/home\/#\/schema\/person\/22575e2c93433935a2a6b445e0d1f10e\",\"name\":\"Nolwenn Quiot-Ducarre\",\"image\":{\"@type\":\"ImageObject\",\"inLanguage\":\"fr-FR\",\"@id\":\"https:\/\/boutique.vignoblescompagnie.com\/home\/#\/schema\/person\/image\/\",\"url\":\"https:\/\/secure.gravatar.com\/avatar\/886fe3022312387f24fa024d5c7f94d7c199e1e5950bf506fb234e605d458409?s=96&d=mm&r=g\",\"contentUrl\":\"https:\/\/secure.gravatar.com\/avatar\/886fe3022312387f24fa024d5c7f94d7c199e1e5950bf506fb234e605d458409?s=96&d=mm&r=g\",\"caption\":\"Nolwenn Quiot-Ducarre\"}}]}<\/script>\n<!-- \/ Yoast SEO plugin. -->","yoast_head_json":{"title":"\ud83d\udcca March\u00e9 : bilans du vin en 2025 - Vignobles &amp; Compagnie","description":"Le march\u00e9 secondaire des vins fins en repli, mais la vall\u00e9e du Rh\u00f4ne r\u00e9siste Selon le dernier rapport de WineCap, s\u2019appuyant sur les donn\u00e9es de Liv-ex, le March\u00e9 \ud83d\udcca March\u00e9 : bilans du vin en 2025 Engag\u00e9s depuis 1963 , Vignobles &amp; Compagnie","robots":{"index":"noindex","follow":"follow"},"og_locale":"fr_FR","og_type":"article","og_title":"\ud83d\udcca March\u00e9 : bilans du vin en 2025 - Vignobles &amp; Compagnie","og_description":"Le march\u00e9 secondaire des vins fins en repli, mais la vall\u00e9e du Rh\u00f4ne r\u00e9siste Selon le dernier rapport de WineCap, s\u2019appuyant sur les donn\u00e9es de Liv-ex, le March\u00e9 \ud83d\udcca March\u00e9 : bilans du vin en 2025 Engag\u00e9s depuis 1963 , Vignobles &amp; Compagnie","og_url":"https:\/\/boutique.vignoblescompagnie.com\/home\/fb-blog\/marche-bilans-du-vin-en-2025\/","og_site_name":"Vignobles &amp; Compagnie","article_publisher":"https:\/\/www.facebook.com\/Vignobles-Compagnie-1936655449884246\/","article_published_time":"2025-09-01T09:08:00+00:00","author":"Nolwenn Quiot-Ducarre","twitter_card":"summary_large_image","twitter_misc":{"\u00c9crit par":"Nolwenn Quiot-Ducarre","Dur\u00e9e de lecture estim\u00e9e":"1 minute"},"schema":{"@context":"https:\/\/schema.org","@graph":[{"@type":"Article","@id":"https:\/\/boutique.vignoblescompagnie.com\/home\/fb-blog\/marche-bilans-du-vin-en-2025\/#article","isPartOf":{"@id":"https:\/\/boutique.vignoblescompagnie.com\/home\/fb-blog\/marche-bilans-du-vin-en-2025\/"},"author":{"name":"Nolwenn Quiot-Ducarre","@id":"https:\/\/boutique.vignoblescompagnie.com\/home\/#\/schema\/person\/22575e2c93433935a2a6b445e0d1f10e"},"headline":"\ud83d\udcca March\u00e9 : bilans du vin en 2025","datePublished":"2025-09-01T09:08:00+00:00","mainEntityOfPage":{"@id":"https:\/\/boutique.vignoblescompagnie.com\/home\/fb-blog\/marche-bilans-du-vin-en-2025\/"},"wordCount":145,"commentCount":0,"publisher":{"@id":"https:\/\/boutique.vignoblescompagnie.com\/home\/#organization"},"image":{"@id":"https:\/\/boutique.vignoblescompagnie.com\/home\/fb-blog\/marche-bilans-du-vin-en-2025\/#primaryimage"},"thumbnailUrl":"https:\/\/boutique.vignoblescompagnie.com\/wp-content\/uploads\/2024\/05\/Techniques-de-degustation-niveau-amateur.jpg","articleSection":["March\u00e9"],"inLanguage":"fr-FR","potentialAction":[{"@type":"CommentAction","name":"Comment","target":["https:\/\/boutique.vignoblescompagnie.com\/home\/fb-blog\/marche-bilans-du-vin-en-2025\/#respond"]}]},{"@type":"WebPage","@id":"https:\/\/boutique.vignoblescompagnie.com\/home\/fb-blog\/marche-bilans-du-vin-en-2025\/","url":"https:\/\/boutique.vignoblescompagnie.com\/home\/fb-blog\/marche-bilans-du-vin-en-2025\/","name":"\ud83d\udcca March\u00e9 : bilans du vin en 2025 - Vignobles &amp; Compagnie","isPartOf":{"@id":"https:\/\/boutique.vignoblescompagnie.com\/home\/#website"},"primaryImageOfPage":{"@id":"https:\/\/boutique.vignoblescompagnie.com\/home\/fb-blog\/marche-bilans-du-vin-en-2025\/#primaryimage"},"image":{"@id":"https:\/\/boutique.vignoblescompagnie.com\/home\/fb-blog\/marche-bilans-du-vin-en-2025\/#primaryimage"},"thumbnailUrl":"https:\/\/boutique.vignoblescompagnie.com\/wp-content\/uploads\/2024\/05\/Techniques-de-degustation-niveau-amateur.jpg","datePublished":"2025-09-01T09:08:00+00:00","description":"Le march\u00e9 secondaire des vins fins en repli, mais la vall\u00e9e du Rh\u00f4ne r\u00e9siste Selon le dernier rapport de WineCap, s\u2019appuyant sur les donn\u00e9es de Liv-ex, le March\u00e9 \ud83d\udcca March\u00e9 : bilans du vin en 2025 Engag\u00e9s depuis 1963 , Vignobles &amp; Compagnie","breadcrumb":{"@id":"https:\/\/boutique.vignoblescompagnie.com\/home\/fb-blog\/marche-bilans-du-vin-en-2025\/#breadcrumb"},"inLanguage":"fr-FR","potentialAction":[{"@type":"ReadAction","target":["https:\/\/boutique.vignoblescompagnie.com\/home\/fb-blog\/marche-bilans-du-vin-en-2025\/"]}]},{"@type":"ImageObject","inLanguage":"fr-FR","@id":"https:\/\/boutique.vignoblescompagnie.com\/home\/fb-blog\/marche-bilans-du-vin-en-2025\/#primaryimage","url":"https:\/\/boutique.vignoblescompagnie.com\/wp-content\/uploads\/2024\/05\/Techniques-de-degustation-niveau-amateur.jpg","contentUrl":"https:\/\/boutique.vignoblescompagnie.com\/wp-content\/uploads\/2024\/05\/Techniques-de-degustation-niveau-amateur.jpg","width":612,"height":422,"caption":"Verre de vin tricolore"},{"@type":"BreadcrumbList","@id":"https:\/\/boutique.vignoblescompagnie.com\/home\/fb-blog\/marche-bilans-du-vin-en-2025\/#breadcrumb","itemListElement":[{"@type":"ListItem","position":1,"name":"Home","item":"https:\/\/boutique.vignoblescompagnie.com\/home\/"},{"@type":"ListItem","position":2,"name":"\ud83d\udcca March\u00e9 : bilans du vin en 2025"}]},{"@type":"WebSite","@id":"https:\/\/boutique.vignoblescompagnie.com\/home\/#website","url":"https:\/\/boutique.vignoblescompagnie.com\/home\/","name":"Vignobles &amp; Compagnie","description":"Engag\u00e9s depuis 1963","publisher":{"@id":"https:\/\/boutique.vignoblescompagnie.com\/home\/#organization"},"potentialAction":[{"@type":"SearchAction","target":{"@type":"EntryPoint","urlTemplate":"https:\/\/boutique.vignoblescompagnie.com\/home\/?s={search_term_string}"},"query-input":{"@type":"PropertyValueSpecification","valueRequired":true,"valueName":"search_term_string"}}],"inLanguage":"fr-FR"},{"@type":"Organization","@id":"https:\/\/boutique.vignoblescompagnie.com\/home\/#organization","name":"Vignobles&Compagnie","url":"https:\/\/boutique.vignoblescompagnie.com\/home\/","logo":{"@type":"ImageObject","inLanguage":"fr-FR","@id":"https:\/\/boutique.vignoblescompagnie.com\/home\/#\/schema\/logo\/image\/","url":"","contentUrl":"","caption":"Vignobles&Compagnie"},"image":{"@id":"https:\/\/boutique.vignoblescompagnie.com\/home\/#\/schema\/logo\/image\/"},"sameAs":["https:\/\/www.facebook.com\/Vignobles-Compagnie-1936655449884246\/","https:\/\/www.instagram.com\/vignoblescompagnie_rhone\/?hl=fr","https:\/\/www.linkedin.com\/company-beta\/16238931\/","https:\/\/www.youtube.com\/channel\/UCG_Dbr-g9ZLVmr2sX-tTO9g"]},{"@type":"Person","@id":"https:\/\/boutique.vignoblescompagnie.com\/home\/#\/schema\/person\/22575e2c93433935a2a6b445e0d1f10e","name":"Nolwenn Quiot-Ducarre","image":{"@type":"ImageObject","inLanguage":"fr-FR","@id":"https:\/\/boutique.vignoblescompagnie.com\/home\/#\/schema\/person\/image\/","url":"https:\/\/secure.gravatar.com\/avatar\/886fe3022312387f24fa024d5c7f94d7c199e1e5950bf506fb234e605d458409?s=96&d=mm&r=g","contentUrl":"https:\/\/secure.gravatar.com\/avatar\/886fe3022312387f24fa024d5c7f94d7c199e1e5950bf506fb234e605d458409?s=96&d=mm&r=g","caption":"Nolwenn Quiot-Ducarre"}}]}},"_links":{"self":[{"href":"https:\/\/boutique.vignoblescompagnie.com\/home\/wp-json\/wp\/v2\/posts\/19980","targetHints":{"allow":["GET"]}}],"collection":[{"href":"https:\/\/boutique.vignoblescompagnie.com\/home\/wp-json\/wp\/v2\/posts"}],"about":[{"href":"https:\/\/boutique.vignoblescompagnie.com\/home\/wp-json\/wp\/v2\/types\/post"}],"author":[{"embeddable":true,"href":"https:\/\/boutique.vignoblescompagnie.com\/home\/wp-json\/wp\/v2\/users\/906"}],"replies":[{"embeddable":true,"href":"https:\/\/boutique.vignoblescompagnie.com\/home\/wp-json\/wp\/v2\/comments?post=19980"}],"version-history":[{"count":0,"href":"https:\/\/boutique.vignoblescompagnie.com\/home\/wp-json\/wp\/v2\/posts\/19980\/revisions"}],"wp:featuredmedia":[{"embeddable":true,"href":"https:\/\/boutique.vignoblescompagnie.com\/home\/wp-json\/wp\/v2\/media\/17304"}],"wp:attachment":[{"href":"https:\/\/boutique.vignoblescompagnie.com\/home\/wp-json\/wp\/v2\/media?parent=19980"}],"wp:term":[{"taxonomy":"category","embeddable":true,"href":"https:\/\/boutique.vignoblescompagnie.com\/home\/wp-json\/wp\/v2\/categories?post=19980"},{"taxonomy":"post_tag","embeddable":true,"href":"https:\/\/boutique.vignoblescompagnie.com\/home\/wp-json\/wp\/v2\/tags?post=19980"}],"curies":[{"name":"wp","href":"https:\/\/api.w.org\/{rel}","templated":true}]}}