{"id":19666,"date":"2025-08-29T11:03:04","date_gmt":"2025-08-29T09:03:04","guid":{"rendered":"https:\/\/www.vignoblescompagnie.com\/?p=19666"},"modified":"2025-08-29T11:03:04","modified_gmt":"2025-08-29T09:03:04","slug":"histoire-chateauneuf-du-pape-histoire-et-origine","status":"publish","type":"post","link":"https:\/\/boutique.vignoblescompagnie.com\/home\/fb-blog\/histoire-chateauneuf-du-pape-histoire-et-origine\/","title":{"rendered":"\ud83d\udcd6 Histoire : Ch\u00e2teauneuf-du-Pape, histoire et origine"},"content":{"rendered":"\n<h3 class=\"wp-block-heading\">Ch\u00e2teauneuf-du-Pape : quand le vin rencontre les papes<\/h3>\n\n\n\n<hr class=\"wp-block-separator has-alpha-channel-opacity\"\/>\n\n\n<div class=\"wp-block-post-date\"><time datetime=\"2025-08-29T11:03:04+02:00\">ao\u00fbt 29, 2025<\/time><\/div>\n\n\n<h5 class=\"wp-block-heading\"><em><strong>Par Nolwenn Quiot-Ducarre<\/strong><\/em><\/h5>\n\n\n\n<p>Au c\u0153ur de la Vall\u00e9e du Rh\u00f4ne m\u00e9ridionale, Ch\u00e2teauneuf-du-Pape s\u2019impose comme l\u2019un des plus grands noms du vin fran\u00e7ais. R\u00e9put\u00e9e pour ses cuv\u00e9es puissantes, \u00e9l\u00e9gantes et complexes, l\u2019appellation s\u00e9duit les amateurs du monde entier. Mais saviez-vous que sa renomm\u00e9e puise ses racines\u2026 dans l\u2019histoire du Vatican ? Retour sur une \u00e9pop\u00e9e viticole s\u00e9culaire o\u00f9 se m\u00ealent papes, galets roul\u00e9s et c\u00e9pages nobles.<\/p>\n\n\n\n<h4 class=\"wp-block-heading\">\u26ea Une origine pontificale<\/h4>\n\n\n\n<p>Le destin de Ch\u00e2teauneuf-du-Pape bascule au XIVe si\u00e8cle, lorsqu\u2019en 1309, le pape Cl\u00e9ment V quitte Rome pour s\u2019installer \u00e0 Avignon. Ses successeurs, notamment Jean XXII, tombent amoureux du terroir voisin et y font b\u00e2tir une r\u00e9sidence d\u2019\u00e9t\u00e9 \u00e0 Ch\u00e2teauneuf. Ils y encouragent la culture de la vigne et la production d\u2019un vin qu\u2019ils serviront \u00e0 leur cour et offriront en cadeaux diplomatiques.<\/p>\n\n\n\n<p>Ainsi na\u00eet le prestige du \u00ab vin du Pape \u00bb, l\u2019un des premiers \u00e0 acqu\u00e9rir une notori\u00e9t\u00e9 internationale.<\/p>\n\n\n\n<h4 class=\"wp-block-heading\">\ud83c\udf47 Un terroir exceptionnel<\/h4>\n\n\n\n<p>Situ\u00e9 sur les terrasses caillouteuses de la rive gauche du Rh\u00f4ne, le vignoble de Ch\u00e2teauneuf-du-Pape b\u00e9n\u00e9ficie d\u2019un terroir aussi singulier que prestigieux. H\u00e9rit\u00e9s de l\u2019\u00e8re glaciaire du Riss, les c\u00e9l\u00e8bres galets roul\u00e9s (quartzite polis par le Rh\u00f4ne) recouvrent les sols d\u2019argile rouge et forment une v\u00e9ritable signature g\u00e9ologique. Bien plus que d\u00e9coratifs, ces galets emmagasinent la chaleur solaire en journ\u00e9e et la restituent la nuit, favorisant une maturation homog\u00e8ne des baies, m\u00eame lors d\u2019ann\u00e9es fra\u00eeches.<\/p>\n\n\n\n<p>Autre alli\u00e9 naturel : le mistral, vent froid et sec venu du nord, qui assainit les vignes et prot\u00e8ge les grappes des maladies cryptogamiques. Cet environnement rude, baign\u00e9 de soleil et balay\u00e9 par les vents, conf\u00e8re aux raisins une concentration remarquable et une intensit\u00e9 aromatique rare. D\u00e8s le Moyen \u00c2ge, les papes eux-m\u00eames reconnaissaient ce potentiel, s\u00e9lectionnant ces terres pour y d\u00e9velopper leurs vignes personnelles.<\/p>\n\n\n\n<p>La richesse de l\u2019appellation repose aussi sur sa diversit\u00e9 v\u00e9g\u00e9tale. Treize c\u00e9pages sont officiellement autoris\u00e9s dans les assemblages (et jusqu&#8217;\u00e0 18 si l\u2019on distingue les variantes de couleur), un h\u00e9ritage de la tradition paysanne rhodanienne qui valorisait la compl\u00e9mentarit\u00e9 entre vari\u00e9t\u00e9s. Le Grenache y r\u00e8gne en ma\u00eetre, apportant chaleur et gourmandise, tandis que la Syrah, le Mourv\u00e8dre, le Cinsault et d\u2019autres c\u00e9pages historiques viennent \u00e9quilibrer structure, \u00e9pices et fra\u00eecheur.<\/p>\n\n\n\n<h4 class=\"wp-block-heading\">\ud83d\udcdc Un pr\u00e9curseur de l\u2019AOC<\/h4>\n\n\n\n<p>Longtemps victime de contrefa\u00e7ons en raison de sa notori\u00e9t\u00e9 grandissante, Ch\u00e2teauneuf-du-Pape entre dans une nouvelle \u00e8re au d\u00e9but du XXe si\u00e8cle. Dans les ann\u00e9es 1920, les vignerons se regroupent pour d\u00e9fendre leur terroir et pr\u00e9server l\u2019authenticit\u00e9 de leurs vins. \u00c0 leur t\u00eate, un homme visionnaire : <a href=\"https:\/\/avis-vin.lefigaro.fr\/economie-du-vin\/o138327-pierre-le-roy-le-pere-des-aoc\" data-type=\"link\" data-id=\"https:\/\/avis-vin.lefigaro.fr\/economie-du-vin\/o138327-pierre-le-roy-le-pere-des-aoc\">le baron Pierre Le Roy de Boiseaumari\u00e9<\/a>, vigneron au Ch\u00e2teau Fortia et avocat de formation.<\/p>\n\n\n\n<p>Il \u00e9labore des r\u00e8gles pr\u00e9cises : d\u00e9limitation parcellaire stricte, interdiction de l\u2019irrigation, vendanges manuelles, titrage alcoolique minimum\u2026 Ces mesures novatrices forment la base du futur syst\u00e8me fran\u00e7ais d\u2019appellation. Ce combat porte ses fruits : en 1936, Ch\u00e2teauneuf-du-Pape devient la premi\u00e8re AOC officiellement reconnue en France, inaugurant un mod\u00e8le de protection du vin fond\u00e9 sur l\u2019origine et les pratiques culturales.<\/p>\n\n\n\n<p>Aujourd\u2019hui encore, l\u2019appellation reste un embl\u00e8me de rigueur et de tradition. Elle incarne l\u2019esprit pionnier des vignerons du Rh\u00f4ne, fiers de faire vivre un h\u00e9ritage s\u00e9culaire en perp\u00e9tuelle r\u00e9invention.<\/p>\n\n\n\n<h4 class=\"wp-block-heading\">\u2728 Un vin de caract\u00e8re et d\u2019\u00e9motion<\/h4>\n\n\n\n<p>Aujourd\u2019hui encore, Ch\u00e2teauneuf-du-Pape reste une r\u00e9f\u00e9rence. Ses rouges sont charpent\u00e9s, \u00e9pic\u00e9s, parfois soyeux, toujours expressifs. Les blancs, plus rares, surprennent par leur rondeur et leur fra\u00eecheur. Ce sont des vins de garde, mais aussi d\u2019instant : des vins d\u2019\u00e9motion, faits pour marquer les grandes tables comme les moments simples<\/p>\n\n\n\n<h4 class=\"wp-block-heading\">\ud83c\udfaf Pourquoi cet h\u00e9ritage nous inspire<\/h4>\n\n\n\n<p>Chez Vignobles &amp; Compagnie, nous sommes fiers de vinifier et d\u2019\u00e9lever des cuv\u00e9es issues de cette appellation mythique. Travailler un Ch\u00e2teauneuf-du-Pape, c\u2019est dialoguer avec l\u2019Histoire, faire honneur \u00e0 un terroir s\u00e9culaire et en proposer une lecture contemporaine, sinc\u00e8re et engag\u00e9e.<\/p>\n\n\n\n<p>Pour en savoir plus :<\/p>\n\n\n\n<ul class=\"wp-block-list\">\n<li>Un <a href=\"https:\/\/open.spotify.com\/episode\/0gJNZ1sp4U1sHpYgHV38I9?si=9a249c6b4c444244\" data-type=\"link\" data-id=\"https:\/\/open.spotify.com\/episode\/0gJNZ1sp4U1sHpYgHV38I9?si=9a249c6b4c444244\" target=\"_blank\" rel=\"noreferrer noopener\">podcast<\/a><\/li>\n\n\n\n<li>Un <a href=\"https:\/\/www.chateauneuf.com\/appellation-chateauneuf-du-pape\/histoire-chateauneuf-du-pape\/origine-chateauneuf-du-pape\/\" data-type=\"link\" data-id=\"https:\/\/www.chateauneuf.com\/appellation-chateauneuf-du-pape\/histoire-chateauneuf-du-pape\/origine-chateauneuf-du-pape\/\" target=\"_blank\" rel=\"noreferrer noopener\">article<\/a><\/li>\n<\/ul>\n\n\n\n<p><\/p>\n","protected":false},"excerpt":{"rendered":"<p>Ch\u00e2teauneuf-du-Pape : quand le vin rencontre les papes Par Nolwenn Quiot-Ducarre Au c\u0153ur de la Vall\u00e9e du Rh\u00f4ne m\u00e9ridionale, Ch\u00e2teauneuf-du-Pape s\u2019impose comme l\u2019un des plus grands noms du vin fran\u00e7ais. R\u00e9put\u00e9e pour ses cuv\u00e9es puissantes, \u00e9l\u00e9gantes et complexes, l\u2019appellation s\u00e9duit les amateurs du monde entier. Mais saviez-vous que sa renomm\u00e9e puise ses racines\u2026 dans l\u2019histoire [&hellip;]<\/p>\n","protected":false},"author":906,"featured_media":19669,"comment_status":"open","ping_status":"open","sticky":false,"template":"","format":"standard","meta":{"footnotes":""},"categories":[1474],"tags":[],"class_list":["post-19666","post","type-post","status-publish","format-standard","has-post-thumbnail","hentry","category-histoire"],"yoast_head":"<!-- This site is optimized with the Yoast SEO plugin v25.9 - https:\/\/yoast.com\/wordpress\/plugins\/seo\/ -->\n<title>\ud83d\udcd6 Histoire : Ch\u00e2teauneuf-du-Pape, histoire et origine - Vignobles &amp; Compagnie<\/title>\n<meta name=\"description\" content=\"Ch\u00e2teauneuf-du-Pape : quand le vin rencontre les papes Par Nolwenn Quiot-Ducarre Au c\u0153ur de la Vall\u00e9e du Rh\u00f4ne m\u00e9ridionale, Ch\u00e2teauneuf-du-Pape s\u2019impose Histoire \ud83d\udcd6 Histoire : Ch\u00e2teauneuf-du-Pape, histoire et origine Engag\u00e9s depuis 1963 , Vignobles &amp; Compagnie\" \/>\n<meta name=\"robots\" content=\"noindex, follow\" \/>\n<meta property=\"og:locale\" content=\"fr_FR\" \/>\n<meta property=\"og:type\" content=\"article\" \/>\n<meta property=\"og:title\" content=\"\ud83d\udcd6 Histoire : Ch\u00e2teauneuf-du-Pape, histoire et origine - Vignobles &amp; Compagnie\" \/>\n<meta property=\"og:description\" content=\"Ch\u00e2teauneuf-du-Pape : quand le vin rencontre les papes Par Nolwenn Quiot-Ducarre Au c\u0153ur de la Vall\u00e9e du Rh\u00f4ne m\u00e9ridionale, Ch\u00e2teauneuf-du-Pape s\u2019impose Histoire \ud83d\udcd6 Histoire : Ch\u00e2teauneuf-du-Pape, histoire et origine Engag\u00e9s depuis 1963 , Vignobles &amp; Compagnie\" \/>\n<meta property=\"og:url\" content=\"https:\/\/boutique.vignoblescompagnie.com\/home\/fb-blog\/histoire-chateauneuf-du-pape-histoire-et-origine\/\" \/>\n<meta property=\"og:site_name\" content=\"Vignobles &amp; Compagnie\" \/>\n<meta property=\"article:publisher\" content=\"https:\/\/www.facebook.com\/Vignobles-Compagnie-1936655449884246\/\" \/>\n<meta property=\"article:published_time\" content=\"2025-08-29T09:03:04+00:00\" \/>\n<meta name=\"author\" content=\"Nolwenn Quiot-Ducarre\" \/>\n<meta name=\"twitter:card\" content=\"summary_large_image\" \/>\n<meta name=\"twitter:label1\" content=\"\u00c9crit par\" \/>\n\t<meta name=\"twitter:data1\" content=\"Nolwenn Quiot-Ducarre\" \/>\n\t<meta name=\"twitter:label2\" content=\"Dur\u00e9e de lecture estim\u00e9e\" \/>\n\t<meta name=\"twitter:data2\" content=\"4 minutes\" \/>\n<script type=\"application\/ld+json\" class=\"yoast-schema-graph\">{\"@context\":\"https:\/\/schema.org\",\"@graph\":[{\"@type\":\"Article\",\"@id\":\"https:\/\/boutique.vignoblescompagnie.com\/home\/fb-blog\/histoire-chateauneuf-du-pape-histoire-et-origine\/#article\",\"isPartOf\":{\"@id\":\"https:\/\/boutique.vignoblescompagnie.com\/home\/fb-blog\/histoire-chateauneuf-du-pape-histoire-et-origine\/\"},\"author\":{\"name\":\"Nolwenn Quiot-Ducarre\",\"@id\":\"https:\/\/boutique.vignoblescompagnie.com\/home\/#\/schema\/person\/22575e2c93433935a2a6b445e0d1f10e\"},\"headline\":\"\ud83d\udcd6 Histoire : Ch\u00e2teauneuf-du-Pape, histoire et origine\",\"datePublished\":\"2025-08-29T09:03:04+00:00\",\"mainEntityOfPage\":{\"@id\":\"https:\/\/boutique.vignoblescompagnie.com\/home\/fb-blog\/histoire-chateauneuf-du-pape-histoire-et-origine\/\"},\"wordCount\":750,\"commentCount\":0,\"publisher\":{\"@id\":\"https:\/\/boutique.vignoblescompagnie.com\/home\/#organization\"},\"image\":{\"@id\":\"https:\/\/boutique.vignoblescompagnie.com\/home\/fb-blog\/histoire-chateauneuf-du-pape-histoire-et-origine\/#primaryimage\"},\"thumbnailUrl\":\"https:\/\/boutique.vignoblescompagnie.com\/wp-content\/uploads\/2025\/07\/HISTOIRE-ORIGINE-CNP.webp\",\"articleSection\":[\"Histoire\"],\"inLanguage\":\"fr-FR\",\"potentialAction\":[{\"@type\":\"CommentAction\",\"name\":\"Comment\",\"target\":[\"https:\/\/boutique.vignoblescompagnie.com\/home\/fb-blog\/histoire-chateauneuf-du-pape-histoire-et-origine\/#respond\"]}]},{\"@type\":\"WebPage\",\"@id\":\"https:\/\/boutique.vignoblescompagnie.com\/home\/fb-blog\/histoire-chateauneuf-du-pape-histoire-et-origine\/\",\"url\":\"https:\/\/boutique.vignoblescompagnie.com\/home\/fb-blog\/histoire-chateauneuf-du-pape-histoire-et-origine\/\",\"name\":\"\ud83d\udcd6 Histoire : Ch\u00e2teauneuf-du-Pape, histoire et origine - Vignobles &amp; Compagnie\",\"isPartOf\":{\"@id\":\"https:\/\/boutique.vignoblescompagnie.com\/home\/#website\"},\"primaryImageOfPage\":{\"@id\":\"https:\/\/boutique.vignoblescompagnie.com\/home\/fb-blog\/histoire-chateauneuf-du-pape-histoire-et-origine\/#primaryimage\"},\"image\":{\"@id\":\"https:\/\/boutique.vignoblescompagnie.com\/home\/fb-blog\/histoire-chateauneuf-du-pape-histoire-et-origine\/#primaryimage\"},\"thumbnailUrl\":\"https:\/\/boutique.vignoblescompagnie.com\/wp-content\/uploads\/2025\/07\/HISTOIRE-ORIGINE-CNP.webp\",\"datePublished\":\"2025-08-29T09:03:04+00:00\",\"description\":\"Ch\u00e2teauneuf-du-Pape : quand le vin rencontre les papes Par Nolwenn Quiot-Ducarre Au c\u0153ur de la Vall\u00e9e du Rh\u00f4ne m\u00e9ridionale, Ch\u00e2teauneuf-du-Pape s\u2019impose Histoire \ud83d\udcd6 Histoire : Ch\u00e2teauneuf-du-Pape, histoire et origine Engag\u00e9s depuis 1963 , Vignobles &amp; Compagnie\",\"breadcrumb\":{\"@id\":\"https:\/\/boutique.vignoblescompagnie.com\/home\/fb-blog\/histoire-chateauneuf-du-pape-histoire-et-origine\/#breadcrumb\"},\"inLanguage\":\"fr-FR\",\"potentialAction\":[{\"@type\":\"ReadAction\",\"target\":[\"https:\/\/boutique.vignoblescompagnie.com\/home\/fb-blog\/histoire-chateauneuf-du-pape-histoire-et-origine\/\"]}]},{\"@type\":\"ImageObject\",\"inLanguage\":\"fr-FR\",\"@id\":\"https:\/\/boutique.vignoblescompagnie.com\/home\/fb-blog\/histoire-chateauneuf-du-pape-histoire-et-origine\/#primaryimage\",\"url\":\"https:\/\/boutique.vignoblescompagnie.com\/wp-content\/uploads\/2025\/07\/HISTOIRE-ORIGINE-CNP.webp\",\"contentUrl\":\"https:\/\/boutique.vignoblescompagnie.com\/wp-content\/uploads\/2025\/07\/HISTOIRE-ORIGINE-CNP.webp\",\"width\":494,\"height\":308,\"caption\":\"HISTOIRE - ORIGINE CNP\"},{\"@type\":\"BreadcrumbList\",\"@id\":\"https:\/\/boutique.vignoblescompagnie.com\/home\/fb-blog\/histoire-chateauneuf-du-pape-histoire-et-origine\/#breadcrumb\",\"itemListElement\":[{\"@type\":\"ListItem\",\"position\":1,\"name\":\"Home\",\"item\":\"https:\/\/boutique.vignoblescompagnie.com\/home\/\"},{\"@type\":\"ListItem\",\"position\":2,\"name\":\"\ud83d\udcd6 Histoire : Ch\u00e2teauneuf-du-Pape, histoire et origine\"}]},{\"@type\":\"WebSite\",\"@id\":\"https:\/\/boutique.vignoblescompagnie.com\/home\/#website\",\"url\":\"https:\/\/boutique.vignoblescompagnie.com\/home\/\",\"name\":\"Vignobles &amp; Compagnie\",\"description\":\"Engag\u00e9s depuis 1963\",\"publisher\":{\"@id\":\"https:\/\/boutique.vignoblescompagnie.com\/home\/#organization\"},\"potentialAction\":[{\"@type\":\"SearchAction\",\"target\":{\"@type\":\"EntryPoint\",\"urlTemplate\":\"https:\/\/boutique.vignoblescompagnie.com\/home\/?s={search_term_string}\"},\"query-input\":{\"@type\":\"PropertyValueSpecification\",\"valueRequired\":true,\"valueName\":\"search_term_string\"}}],\"inLanguage\":\"fr-FR\"},{\"@type\":\"Organization\",\"@id\":\"https:\/\/boutique.vignoblescompagnie.com\/home\/#organization\",\"name\":\"Vignobles&Compagnie\",\"url\":\"https:\/\/boutique.vignoblescompagnie.com\/home\/\",\"logo\":{\"@type\":\"ImageObject\",\"inLanguage\":\"fr-FR\",\"@id\":\"https:\/\/boutique.vignoblescompagnie.com\/home\/#\/schema\/logo\/image\/\",\"url\":\"\",\"contentUrl\":\"\",\"caption\":\"Vignobles&Compagnie\"},\"image\":{\"@id\":\"https:\/\/boutique.vignoblescompagnie.com\/home\/#\/schema\/logo\/image\/\"},\"sameAs\":[\"https:\/\/www.facebook.com\/Vignobles-Compagnie-1936655449884246\/\",\"https:\/\/www.instagram.com\/vignoblescompagnie_rhone\/?hl=fr\",\"https:\/\/www.linkedin.com\/company-beta\/16238931\/\",\"https:\/\/www.youtube.com\/channel\/UCG_Dbr-g9ZLVmr2sX-tTO9g\"]},{\"@type\":\"Person\",\"@id\":\"https:\/\/boutique.vignoblescompagnie.com\/home\/#\/schema\/person\/22575e2c93433935a2a6b445e0d1f10e\",\"name\":\"Nolwenn Quiot-Ducarre\",\"image\":{\"@type\":\"ImageObject\",\"inLanguage\":\"fr-FR\",\"@id\":\"https:\/\/boutique.vignoblescompagnie.com\/home\/#\/schema\/person\/image\/\",\"url\":\"https:\/\/secure.gravatar.com\/avatar\/886fe3022312387f24fa024d5c7f94d7c199e1e5950bf506fb234e605d458409?s=96&d=mm&r=g\",\"contentUrl\":\"https:\/\/secure.gravatar.com\/avatar\/886fe3022312387f24fa024d5c7f94d7c199e1e5950bf506fb234e605d458409?s=96&d=mm&r=g\",\"caption\":\"Nolwenn Quiot-Ducarre\"}}]}<\/script>\n<!-- \/ Yoast SEO plugin. -->","yoast_head_json":{"title":"\ud83d\udcd6 Histoire : Ch\u00e2teauneuf-du-Pape, histoire et origine - Vignobles &amp; Compagnie","description":"Ch\u00e2teauneuf-du-Pape : quand le vin rencontre les papes Par Nolwenn Quiot-Ducarre Au c\u0153ur de la Vall\u00e9e du Rh\u00f4ne m\u00e9ridionale, Ch\u00e2teauneuf-du-Pape s\u2019impose Histoire \ud83d\udcd6 Histoire : Ch\u00e2teauneuf-du-Pape, histoire et origine Engag\u00e9s depuis 1963 , Vignobles &amp; Compagnie","robots":{"index":"noindex","follow":"follow"},"og_locale":"fr_FR","og_type":"article","og_title":"\ud83d\udcd6 Histoire : Ch\u00e2teauneuf-du-Pape, histoire et origine - Vignobles &amp; Compagnie","og_description":"Ch\u00e2teauneuf-du-Pape : quand le vin rencontre les papes Par Nolwenn Quiot-Ducarre Au c\u0153ur de la Vall\u00e9e du Rh\u00f4ne m\u00e9ridionale, Ch\u00e2teauneuf-du-Pape s\u2019impose Histoire \ud83d\udcd6 Histoire : Ch\u00e2teauneuf-du-Pape, histoire et origine Engag\u00e9s depuis 1963 , Vignobles &amp; Compagnie","og_url":"https:\/\/boutique.vignoblescompagnie.com\/home\/fb-blog\/histoire-chateauneuf-du-pape-histoire-et-origine\/","og_site_name":"Vignobles &amp; Compagnie","article_publisher":"https:\/\/www.facebook.com\/Vignobles-Compagnie-1936655449884246\/","article_published_time":"2025-08-29T09:03:04+00:00","author":"Nolwenn Quiot-Ducarre","twitter_card":"summary_large_image","twitter_misc":{"\u00c9crit par":"Nolwenn Quiot-Ducarre","Dur\u00e9e de lecture estim\u00e9e":"4 minutes"},"schema":{"@context":"https:\/\/schema.org","@graph":[{"@type":"Article","@id":"https:\/\/boutique.vignoblescompagnie.com\/home\/fb-blog\/histoire-chateauneuf-du-pape-histoire-et-origine\/#article","isPartOf":{"@id":"https:\/\/boutique.vignoblescompagnie.com\/home\/fb-blog\/histoire-chateauneuf-du-pape-histoire-et-origine\/"},"author":{"name":"Nolwenn Quiot-Ducarre","@id":"https:\/\/boutique.vignoblescompagnie.com\/home\/#\/schema\/person\/22575e2c93433935a2a6b445e0d1f10e"},"headline":"\ud83d\udcd6 Histoire : Ch\u00e2teauneuf-du-Pape, histoire et origine","datePublished":"2025-08-29T09:03:04+00:00","mainEntityOfPage":{"@id":"https:\/\/boutique.vignoblescompagnie.com\/home\/fb-blog\/histoire-chateauneuf-du-pape-histoire-et-origine\/"},"wordCount":750,"commentCount":0,"publisher":{"@id":"https:\/\/boutique.vignoblescompagnie.com\/home\/#organization"},"image":{"@id":"https:\/\/boutique.vignoblescompagnie.com\/home\/fb-blog\/histoire-chateauneuf-du-pape-histoire-et-origine\/#primaryimage"},"thumbnailUrl":"https:\/\/boutique.vignoblescompagnie.com\/wp-content\/uploads\/2025\/07\/HISTOIRE-ORIGINE-CNP.webp","articleSection":["Histoire"],"inLanguage":"fr-FR","potentialAction":[{"@type":"CommentAction","name":"Comment","target":["https:\/\/boutique.vignoblescompagnie.com\/home\/fb-blog\/histoire-chateauneuf-du-pape-histoire-et-origine\/#respond"]}]},{"@type":"WebPage","@id":"https:\/\/boutique.vignoblescompagnie.com\/home\/fb-blog\/histoire-chateauneuf-du-pape-histoire-et-origine\/","url":"https:\/\/boutique.vignoblescompagnie.com\/home\/fb-blog\/histoire-chateauneuf-du-pape-histoire-et-origine\/","name":"\ud83d\udcd6 Histoire : Ch\u00e2teauneuf-du-Pape, histoire et origine - Vignobles &amp; Compagnie","isPartOf":{"@id":"https:\/\/boutique.vignoblescompagnie.com\/home\/#website"},"primaryImageOfPage":{"@id":"https:\/\/boutique.vignoblescompagnie.com\/home\/fb-blog\/histoire-chateauneuf-du-pape-histoire-et-origine\/#primaryimage"},"image":{"@id":"https:\/\/boutique.vignoblescompagnie.com\/home\/fb-blog\/histoire-chateauneuf-du-pape-histoire-et-origine\/#primaryimage"},"thumbnailUrl":"https:\/\/boutique.vignoblescompagnie.com\/wp-content\/uploads\/2025\/07\/HISTOIRE-ORIGINE-CNP.webp","datePublished":"2025-08-29T09:03:04+00:00","description":"Ch\u00e2teauneuf-du-Pape : quand le vin rencontre les papes Par Nolwenn Quiot-Ducarre Au c\u0153ur de la Vall\u00e9e du Rh\u00f4ne m\u00e9ridionale, Ch\u00e2teauneuf-du-Pape s\u2019impose Histoire \ud83d\udcd6 Histoire : Ch\u00e2teauneuf-du-Pape, histoire et origine Engag\u00e9s depuis 1963 , Vignobles &amp; Compagnie","breadcrumb":{"@id":"https:\/\/boutique.vignoblescompagnie.com\/home\/fb-blog\/histoire-chateauneuf-du-pape-histoire-et-origine\/#breadcrumb"},"inLanguage":"fr-FR","potentialAction":[{"@type":"ReadAction","target":["https:\/\/boutique.vignoblescompagnie.com\/home\/fb-blog\/histoire-chateauneuf-du-pape-histoire-et-origine\/"]}]},{"@type":"ImageObject","inLanguage":"fr-FR","@id":"https:\/\/boutique.vignoblescompagnie.com\/home\/fb-blog\/histoire-chateauneuf-du-pape-histoire-et-origine\/#primaryimage","url":"https:\/\/boutique.vignoblescompagnie.com\/wp-content\/uploads\/2025\/07\/HISTOIRE-ORIGINE-CNP.webp","contentUrl":"https:\/\/boutique.vignoblescompagnie.com\/wp-content\/uploads\/2025\/07\/HISTOIRE-ORIGINE-CNP.webp","width":494,"height":308,"caption":"HISTOIRE - ORIGINE CNP"},{"@type":"BreadcrumbList","@id":"https:\/\/boutique.vignoblescompagnie.com\/home\/fb-blog\/histoire-chateauneuf-du-pape-histoire-et-origine\/#breadcrumb","itemListElement":[{"@type":"ListItem","position":1,"name":"Home","item":"https:\/\/boutique.vignoblescompagnie.com\/home\/"},{"@type":"ListItem","position":2,"name":"\ud83d\udcd6 Histoire : Ch\u00e2teauneuf-du-Pape, histoire et origine"}]},{"@type":"WebSite","@id":"https:\/\/boutique.vignoblescompagnie.com\/home\/#website","url":"https:\/\/boutique.vignoblescompagnie.com\/home\/","name":"Vignobles &amp; Compagnie","description":"Engag\u00e9s depuis 1963","publisher":{"@id":"https:\/\/boutique.vignoblescompagnie.com\/home\/#organization"},"potentialAction":[{"@type":"SearchAction","target":{"@type":"EntryPoint","urlTemplate":"https:\/\/boutique.vignoblescompagnie.com\/home\/?s={search_term_string}"},"query-input":{"@type":"PropertyValueSpecification","valueRequired":true,"valueName":"search_term_string"}}],"inLanguage":"fr-FR"},{"@type":"Organization","@id":"https:\/\/boutique.vignoblescompagnie.com\/home\/#organization","name":"Vignobles&Compagnie","url":"https:\/\/boutique.vignoblescompagnie.com\/home\/","logo":{"@type":"ImageObject","inLanguage":"fr-FR","@id":"https:\/\/boutique.vignoblescompagnie.com\/home\/#\/schema\/logo\/image\/","url":"","contentUrl":"","caption":"Vignobles&Compagnie"},"image":{"@id":"https:\/\/boutique.vignoblescompagnie.com\/home\/#\/schema\/logo\/image\/"},"sameAs":["https:\/\/www.facebook.com\/Vignobles-Compagnie-1936655449884246\/","https:\/\/www.instagram.com\/vignoblescompagnie_rhone\/?hl=fr","https:\/\/www.linkedin.com\/company-beta\/16238931\/","https:\/\/www.youtube.com\/channel\/UCG_Dbr-g9ZLVmr2sX-tTO9g"]},{"@type":"Person","@id":"https:\/\/boutique.vignoblescompagnie.com\/home\/#\/schema\/person\/22575e2c93433935a2a6b445e0d1f10e","name":"Nolwenn Quiot-Ducarre","image":{"@type":"ImageObject","inLanguage":"fr-FR","@id":"https:\/\/boutique.vignoblescompagnie.com\/home\/#\/schema\/person\/image\/","url":"https:\/\/secure.gravatar.com\/avatar\/886fe3022312387f24fa024d5c7f94d7c199e1e5950bf506fb234e605d458409?s=96&d=mm&r=g","contentUrl":"https:\/\/secure.gravatar.com\/avatar\/886fe3022312387f24fa024d5c7f94d7c199e1e5950bf506fb234e605d458409?s=96&d=mm&r=g","caption":"Nolwenn Quiot-Ducarre"}}]}},"_links":{"self":[{"href":"https:\/\/boutique.vignoblescompagnie.com\/home\/wp-json\/wp\/v2\/posts\/19666","targetHints":{"allow":["GET"]}}],"collection":[{"href":"https:\/\/boutique.vignoblescompagnie.com\/home\/wp-json\/wp\/v2\/posts"}],"about":[{"href":"https:\/\/boutique.vignoblescompagnie.com\/home\/wp-json\/wp\/v2\/types\/post"}],"author":[{"embeddable":true,"href":"https:\/\/boutique.vignoblescompagnie.com\/home\/wp-json\/wp\/v2\/users\/906"}],"replies":[{"embeddable":true,"href":"https:\/\/boutique.vignoblescompagnie.com\/home\/wp-json\/wp\/v2\/comments?post=19666"}],"version-history":[{"count":0,"href":"https:\/\/boutique.vignoblescompagnie.com\/home\/wp-json\/wp\/v2\/posts\/19666\/revisions"}],"wp:featuredmedia":[{"embeddable":true,"href":"https:\/\/boutique.vignoblescompagnie.com\/home\/wp-json\/wp\/v2\/media\/19669"}],"wp:attachment":[{"href":"https:\/\/boutique.vignoblescompagnie.com\/home\/wp-json\/wp\/v2\/media?parent=19666"}],"wp:term":[{"taxonomy":"category","embeddable":true,"href":"https:\/\/boutique.vignoblescompagnie.com\/home\/wp-json\/wp\/v2\/categories?post=19666"},{"taxonomy":"post_tag","embeddable":true,"href":"https:\/\/boutique.vignoblescompagnie.com\/home\/wp-json\/wp\/v2\/tags?post=19666"}],"curies":[{"name":"wp","href":"https:\/\/api.w.org\/{rel}","templated":true}]}}