{"id":19521,"date":"2025-07-21T11:28:40","date_gmt":"2025-07-21T09:28:40","guid":{"rendered":"https:\/\/www.vignoblescompagnie.com\/?p=19521"},"modified":"2025-07-21T11:28:40","modified_gmt":"2025-07-21T09:28:40","slug":"social-arret-du-media-meiningers-international","status":"publish","type":"post","link":"https:\/\/boutique.vignoblescompagnie.com\/home\/fb-blog\/social-arret-du-media-meiningers-international\/","title":{"rendered":"\ud83d\udc65 Social : arr\u00eat du m\u00e9dia Meininger&#8217;s International"},"content":{"rendered":"\n<h3 class=\"wp-block-heading\">Fin de publication pour Meininger\u2019s International : une voix de la fili\u00e8re vin s\u2019\u00e9teint<\/h3>\n\n\n\n<p>L\u2019\u00e9diteur allemand Meininger Verlag annonce la cessation imm\u00e9diate du magazine Meininger\u2019s International, de sa newsletter et la fermeture de son site internet.<br>Une d\u00e9cision qui marque la disparition d\u2019un m\u00e9dia de r\u00e9f\u00e9rence, lu dans toute la fili\u00e8re pour sa veille internationale sur les march\u00e9s, les acteurs et les tendances.<br>\ud83d\udc49 Un format num\u00e9rique traduit depuis l\u2019allemand pourrait voir le jour d\u00e8s 2026. En attendant, c\u2019est une page qui se tourne dans le paysage \u00e9ditorial professionnel.<br>\ud83d\udd17 Pour en savoir plus : <a href=\"http:\/\/meiningers-international.com\" data-type=\"link\" data-id=\"meiningers-international.com\" target=\"_blank\" rel=\"noreferrer noopener\">Meiningers<\/a><\/p>\n\n\n\n<p><em>\u00c9quipe V&amp;Co<\/em><\/p>\n\n\n\n<p><\/p>\n","protected":false},"excerpt":{"rendered":"<p>Fin de publication pour Meininger\u2019s International : une voix de la fili\u00e8re vin s\u2019\u00e9teint L\u2019\u00e9diteur allemand Meininger Verlag annonce la cessation imm\u00e9diate du magazine Meininger\u2019s International, de sa newsletter et la fermeture de son site internet.Une d\u00e9cision qui marque la disparition d\u2019un m\u00e9dia de r\u00e9f\u00e9rence, lu dans toute la fili\u00e8re pour sa veille internationale sur [&hellip;]<\/p>\n","protected":false},"author":906,"featured_media":19524,"comment_status":"open","ping_status":"open","sticky":false,"template":"","format":"standard","meta":{"footnotes":""},"categories":[1454],"tags":[],"class_list":["post-19521","post","type-post","status-publish","format-standard","has-post-thumbnail","hentry","category-social"],"yoast_head":"<!-- This site is optimized with the Yoast SEO plugin v25.9 - https:\/\/yoast.com\/wordpress\/plugins\/seo\/ -->\n<title>\ud83d\udc65 Social : arr\u00eat du m\u00e9dia Meininger&#039;s International - Vignobles &amp; Compagnie<\/title>\n<meta name=\"description\" content=\"Fin de publication pour Meininger\u2019s International : une voix de la fili\u00e8re vin s\u2019\u00e9teint L\u2019\u00e9diteur allemand Meininger Verlag annonce la cessation imm\u00e9diate Social \ud83d\udc65 Social : arr\u00eat du m\u00e9dia Meininger&#039;s International Engag\u00e9s depuis 1963 , Vignobles &amp; Compagnie\" \/>\n<meta name=\"robots\" content=\"noindex, follow\" \/>\n<meta property=\"og:locale\" content=\"fr_FR\" \/>\n<meta property=\"og:type\" content=\"article\" \/>\n<meta property=\"og:title\" content=\"\ud83d\udc65 Social : arr\u00eat du m\u00e9dia Meininger&#039;s International - Vignobles &amp; Compagnie\" \/>\n<meta property=\"og:description\" content=\"Fin de publication pour Meininger\u2019s International : une voix de la fili\u00e8re vin s\u2019\u00e9teint L\u2019\u00e9diteur allemand Meininger Verlag annonce la cessation imm\u00e9diate Social \ud83d\udc65 Social : arr\u00eat du m\u00e9dia Meininger&#039;s International Engag\u00e9s depuis 1963 , Vignobles &amp; Compagnie\" \/>\n<meta property=\"og:url\" content=\"https:\/\/boutique.vignoblescompagnie.com\/home\/fb-blog\/social-arret-du-media-meiningers-international\/\" \/>\n<meta property=\"og:site_name\" content=\"Vignobles &amp; Compagnie\" \/>\n<meta property=\"article:publisher\" content=\"https:\/\/www.facebook.com\/Vignobles-Compagnie-1936655449884246\/\" \/>\n<meta property=\"article:published_time\" content=\"2025-07-21T09:28:40+00:00\" \/>\n<meta name=\"author\" content=\"Nolwenn Quiot-Ducarre\" \/>\n<meta name=\"twitter:card\" content=\"summary_large_image\" \/>\n<meta name=\"twitter:label1\" content=\"\u00c9crit par\" \/>\n\t<meta name=\"twitter:data1\" content=\"Nolwenn Quiot-Ducarre\" \/>\n\t<meta name=\"twitter:label2\" content=\"Dur\u00e9e de lecture estim\u00e9e\" \/>\n\t<meta name=\"twitter:data2\" content=\"1 minute\" \/>\n<script type=\"application\/ld+json\" class=\"yoast-schema-graph\">{\"@context\":\"https:\/\/schema.org\",\"@graph\":[{\"@type\":\"Article\",\"@id\":\"https:\/\/boutique.vignoblescompagnie.com\/home\/fb-blog\/social-arret-du-media-meiningers-international\/#article\",\"isPartOf\":{\"@id\":\"https:\/\/boutique.vignoblescompagnie.com\/home\/fb-blog\/social-arret-du-media-meiningers-international\/\"},\"author\":{\"name\":\"Nolwenn Quiot-Ducarre\",\"@id\":\"https:\/\/boutique.vignoblescompagnie.com\/home\/#\/schema\/person\/22575e2c93433935a2a6b445e0d1f10e\"},\"headline\":\"\ud83d\udc65 Social : arr\u00eat du m\u00e9dia Meininger&#8217;s International\",\"datePublished\":\"2025-07-21T09:28:40+00:00\",\"mainEntityOfPage\":{\"@id\":\"https:\/\/boutique.vignoblescompagnie.com\/home\/fb-blog\/social-arret-du-media-meiningers-international\/\"},\"wordCount\":120,\"commentCount\":0,\"publisher\":{\"@id\":\"https:\/\/boutique.vignoblescompagnie.com\/home\/#organization\"},\"image\":{\"@id\":\"https:\/\/boutique.vignoblescompagnie.com\/home\/fb-blog\/social-arret-du-media-meiningers-international\/#primaryimage\"},\"thumbnailUrl\":\"https:\/\/boutique.vignoblescompagnie.com\/wp-content\/uploads\/2025\/07\/SOCIAL-MEININGERS-INTERNATIONAL.webp\",\"articleSection\":[\"Social\"],\"inLanguage\":\"fr-FR\",\"potentialAction\":[{\"@type\":\"CommentAction\",\"name\":\"Comment\",\"target\":[\"https:\/\/boutique.vignoblescompagnie.com\/home\/fb-blog\/social-arret-du-media-meiningers-international\/#respond\"]}]},{\"@type\":\"WebPage\",\"@id\":\"https:\/\/boutique.vignoblescompagnie.com\/home\/fb-blog\/social-arret-du-media-meiningers-international\/\",\"url\":\"https:\/\/boutique.vignoblescompagnie.com\/home\/fb-blog\/social-arret-du-media-meiningers-international\/\",\"name\":\"\ud83d\udc65 Social : arr\u00eat du m\u00e9dia Meininger's International - Vignobles &amp; Compagnie\",\"isPartOf\":{\"@id\":\"https:\/\/boutique.vignoblescompagnie.com\/home\/#website\"},\"primaryImageOfPage\":{\"@id\":\"https:\/\/boutique.vignoblescompagnie.com\/home\/fb-blog\/social-arret-du-media-meiningers-international\/#primaryimage\"},\"image\":{\"@id\":\"https:\/\/boutique.vignoblescompagnie.com\/home\/fb-blog\/social-arret-du-media-meiningers-international\/#primaryimage\"},\"thumbnailUrl\":\"https:\/\/boutique.vignoblescompagnie.com\/wp-content\/uploads\/2025\/07\/SOCIAL-MEININGERS-INTERNATIONAL.webp\",\"datePublished\":\"2025-07-21T09:28:40+00:00\",\"description\":\"Fin de publication pour Meininger\u2019s International : une voix de la fili\u00e8re vin s\u2019\u00e9teint L\u2019\u00e9diteur allemand Meininger Verlag annonce la cessation imm\u00e9diate Social \ud83d\udc65 Social : arr\u00eat du m\u00e9dia Meininger's International Engag\u00e9s depuis 1963 , Vignobles &amp; Compagnie\",\"breadcrumb\":{\"@id\":\"https:\/\/boutique.vignoblescompagnie.com\/home\/fb-blog\/social-arret-du-media-meiningers-international\/#breadcrumb\"},\"inLanguage\":\"fr-FR\",\"potentialAction\":[{\"@type\":\"ReadAction\",\"target\":[\"https:\/\/boutique.vignoblescompagnie.com\/home\/fb-blog\/social-arret-du-media-meiningers-international\/\"]}]},{\"@type\":\"ImageObject\",\"inLanguage\":\"fr-FR\",\"@id\":\"https:\/\/boutique.vignoblescompagnie.com\/home\/fb-blog\/social-arret-du-media-meiningers-international\/#primaryimage\",\"url\":\"https:\/\/boutique.vignoblescompagnie.com\/wp-content\/uploads\/2025\/07\/SOCIAL-MEININGERS-INTERNATIONAL.webp\",\"contentUrl\":\"https:\/\/boutique.vignoblescompagnie.com\/wp-content\/uploads\/2025\/07\/SOCIAL-MEININGERS-INTERNATIONAL.webp\",\"width\":600,\"height\":400,\"caption\":\"SOCIAL - MEININGER'S INTERNATIONAL\"},{\"@type\":\"BreadcrumbList\",\"@id\":\"https:\/\/boutique.vignoblescompagnie.com\/home\/fb-blog\/social-arret-du-media-meiningers-international\/#breadcrumb\",\"itemListElement\":[{\"@type\":\"ListItem\",\"position\":1,\"name\":\"Home\",\"item\":\"https:\/\/boutique.vignoblescompagnie.com\/home\/\"},{\"@type\":\"ListItem\",\"position\":2,\"name\":\"\ud83d\udc65 Social : arr\u00eat du m\u00e9dia Meininger&#8217;s International\"}]},{\"@type\":\"WebSite\",\"@id\":\"https:\/\/boutique.vignoblescompagnie.com\/home\/#website\",\"url\":\"https:\/\/boutique.vignoblescompagnie.com\/home\/\",\"name\":\"Vignobles &amp; Compagnie\",\"description\":\"Engag\u00e9s depuis 1963\",\"publisher\":{\"@id\":\"https:\/\/boutique.vignoblescompagnie.com\/home\/#organization\"},\"potentialAction\":[{\"@type\":\"SearchAction\",\"target\":{\"@type\":\"EntryPoint\",\"urlTemplate\":\"https:\/\/boutique.vignoblescompagnie.com\/home\/?s={search_term_string}\"},\"query-input\":{\"@type\":\"PropertyValueSpecification\",\"valueRequired\":true,\"valueName\":\"search_term_string\"}}],\"inLanguage\":\"fr-FR\"},{\"@type\":\"Organization\",\"@id\":\"https:\/\/boutique.vignoblescompagnie.com\/home\/#organization\",\"name\":\"Vignobles&Compagnie\",\"url\":\"https:\/\/boutique.vignoblescompagnie.com\/home\/\",\"logo\":{\"@type\":\"ImageObject\",\"inLanguage\":\"fr-FR\",\"@id\":\"https:\/\/boutique.vignoblescompagnie.com\/home\/#\/schema\/logo\/image\/\",\"url\":\"\",\"contentUrl\":\"\",\"caption\":\"Vignobles&Compagnie\"},\"image\":{\"@id\":\"https:\/\/boutique.vignoblescompagnie.com\/home\/#\/schema\/logo\/image\/\"},\"sameAs\":[\"https:\/\/www.facebook.com\/Vignobles-Compagnie-1936655449884246\/\",\"https:\/\/www.instagram.com\/vignoblescompagnie_rhone\/?hl=fr\",\"https:\/\/www.linkedin.com\/company-beta\/16238931\/\",\"https:\/\/www.youtube.com\/channel\/UCG_Dbr-g9ZLVmr2sX-tTO9g\"]},{\"@type\":\"Person\",\"@id\":\"https:\/\/boutique.vignoblescompagnie.com\/home\/#\/schema\/person\/22575e2c93433935a2a6b445e0d1f10e\",\"name\":\"Nolwenn Quiot-Ducarre\",\"image\":{\"@type\":\"ImageObject\",\"inLanguage\":\"fr-FR\",\"@id\":\"https:\/\/boutique.vignoblescompagnie.com\/home\/#\/schema\/person\/image\/\",\"url\":\"https:\/\/secure.gravatar.com\/avatar\/886fe3022312387f24fa024d5c7f94d7c199e1e5950bf506fb234e605d458409?s=96&d=mm&r=g\",\"contentUrl\":\"https:\/\/secure.gravatar.com\/avatar\/886fe3022312387f24fa024d5c7f94d7c199e1e5950bf506fb234e605d458409?s=96&d=mm&r=g\",\"caption\":\"Nolwenn Quiot-Ducarre\"}}]}<\/script>\n<!-- \/ Yoast SEO plugin. -->","yoast_head_json":{"title":"\ud83d\udc65 Social : arr\u00eat du m\u00e9dia Meininger's International - Vignobles &amp; Compagnie","description":"Fin de publication pour Meininger\u2019s International : une voix de la fili\u00e8re vin s\u2019\u00e9teint L\u2019\u00e9diteur allemand Meininger Verlag annonce la cessation imm\u00e9diate Social \ud83d\udc65 Social : arr\u00eat du m\u00e9dia Meininger's International Engag\u00e9s depuis 1963 , Vignobles &amp; Compagnie","robots":{"index":"noindex","follow":"follow"},"og_locale":"fr_FR","og_type":"article","og_title":"\ud83d\udc65 Social : arr\u00eat du m\u00e9dia Meininger's International - Vignobles &amp; Compagnie","og_description":"Fin de publication pour Meininger\u2019s International : une voix de la fili\u00e8re vin s\u2019\u00e9teint L\u2019\u00e9diteur allemand Meininger Verlag annonce la cessation imm\u00e9diate Social \ud83d\udc65 Social : arr\u00eat du m\u00e9dia Meininger's International Engag\u00e9s depuis 1963 , Vignobles &amp; Compagnie","og_url":"https:\/\/boutique.vignoblescompagnie.com\/home\/fb-blog\/social-arret-du-media-meiningers-international\/","og_site_name":"Vignobles &amp; Compagnie","article_publisher":"https:\/\/www.facebook.com\/Vignobles-Compagnie-1936655449884246\/","article_published_time":"2025-07-21T09:28:40+00:00","author":"Nolwenn Quiot-Ducarre","twitter_card":"summary_large_image","twitter_misc":{"\u00c9crit par":"Nolwenn Quiot-Ducarre","Dur\u00e9e de lecture estim\u00e9e":"1 minute"},"schema":{"@context":"https:\/\/schema.org","@graph":[{"@type":"Article","@id":"https:\/\/boutique.vignoblescompagnie.com\/home\/fb-blog\/social-arret-du-media-meiningers-international\/#article","isPartOf":{"@id":"https:\/\/boutique.vignoblescompagnie.com\/home\/fb-blog\/social-arret-du-media-meiningers-international\/"},"author":{"name":"Nolwenn Quiot-Ducarre","@id":"https:\/\/boutique.vignoblescompagnie.com\/home\/#\/schema\/person\/22575e2c93433935a2a6b445e0d1f10e"},"headline":"\ud83d\udc65 Social : arr\u00eat du m\u00e9dia Meininger&#8217;s International","datePublished":"2025-07-21T09:28:40+00:00","mainEntityOfPage":{"@id":"https:\/\/boutique.vignoblescompagnie.com\/home\/fb-blog\/social-arret-du-media-meiningers-international\/"},"wordCount":120,"commentCount":0,"publisher":{"@id":"https:\/\/boutique.vignoblescompagnie.com\/home\/#organization"},"image":{"@id":"https:\/\/boutique.vignoblescompagnie.com\/home\/fb-blog\/social-arret-du-media-meiningers-international\/#primaryimage"},"thumbnailUrl":"https:\/\/boutique.vignoblescompagnie.com\/wp-content\/uploads\/2025\/07\/SOCIAL-MEININGERS-INTERNATIONAL.webp","articleSection":["Social"],"inLanguage":"fr-FR","potentialAction":[{"@type":"CommentAction","name":"Comment","target":["https:\/\/boutique.vignoblescompagnie.com\/home\/fb-blog\/social-arret-du-media-meiningers-international\/#respond"]}]},{"@type":"WebPage","@id":"https:\/\/boutique.vignoblescompagnie.com\/home\/fb-blog\/social-arret-du-media-meiningers-international\/","url":"https:\/\/boutique.vignoblescompagnie.com\/home\/fb-blog\/social-arret-du-media-meiningers-international\/","name":"\ud83d\udc65 Social : arr\u00eat du m\u00e9dia Meininger's International - Vignobles &amp; Compagnie","isPartOf":{"@id":"https:\/\/boutique.vignoblescompagnie.com\/home\/#website"},"primaryImageOfPage":{"@id":"https:\/\/boutique.vignoblescompagnie.com\/home\/fb-blog\/social-arret-du-media-meiningers-international\/#primaryimage"},"image":{"@id":"https:\/\/boutique.vignoblescompagnie.com\/home\/fb-blog\/social-arret-du-media-meiningers-international\/#primaryimage"},"thumbnailUrl":"https:\/\/boutique.vignoblescompagnie.com\/wp-content\/uploads\/2025\/07\/SOCIAL-MEININGERS-INTERNATIONAL.webp","datePublished":"2025-07-21T09:28:40+00:00","description":"Fin de publication pour Meininger\u2019s International : une voix de la fili\u00e8re vin s\u2019\u00e9teint L\u2019\u00e9diteur allemand Meininger Verlag annonce la cessation imm\u00e9diate Social \ud83d\udc65 Social : arr\u00eat du m\u00e9dia Meininger's International Engag\u00e9s depuis 1963 , Vignobles &amp; Compagnie","breadcrumb":{"@id":"https:\/\/boutique.vignoblescompagnie.com\/home\/fb-blog\/social-arret-du-media-meiningers-international\/#breadcrumb"},"inLanguage":"fr-FR","potentialAction":[{"@type":"ReadAction","target":["https:\/\/boutique.vignoblescompagnie.com\/home\/fb-blog\/social-arret-du-media-meiningers-international\/"]}]},{"@type":"ImageObject","inLanguage":"fr-FR","@id":"https:\/\/boutique.vignoblescompagnie.com\/home\/fb-blog\/social-arret-du-media-meiningers-international\/#primaryimage","url":"https:\/\/boutique.vignoblescompagnie.com\/wp-content\/uploads\/2025\/07\/SOCIAL-MEININGERS-INTERNATIONAL.webp","contentUrl":"https:\/\/boutique.vignoblescompagnie.com\/wp-content\/uploads\/2025\/07\/SOCIAL-MEININGERS-INTERNATIONAL.webp","width":600,"height":400,"caption":"SOCIAL - MEININGER'S INTERNATIONAL"},{"@type":"BreadcrumbList","@id":"https:\/\/boutique.vignoblescompagnie.com\/home\/fb-blog\/social-arret-du-media-meiningers-international\/#breadcrumb","itemListElement":[{"@type":"ListItem","position":1,"name":"Home","item":"https:\/\/boutique.vignoblescompagnie.com\/home\/"},{"@type":"ListItem","position":2,"name":"\ud83d\udc65 Social : arr\u00eat du m\u00e9dia Meininger&#8217;s International"}]},{"@type":"WebSite","@id":"https:\/\/boutique.vignoblescompagnie.com\/home\/#website","url":"https:\/\/boutique.vignoblescompagnie.com\/home\/","name":"Vignobles &amp; Compagnie","description":"Engag\u00e9s depuis 1963","publisher":{"@id":"https:\/\/boutique.vignoblescompagnie.com\/home\/#organization"},"potentialAction":[{"@type":"SearchAction","target":{"@type":"EntryPoint","urlTemplate":"https:\/\/boutique.vignoblescompagnie.com\/home\/?s={search_term_string}"},"query-input":{"@type":"PropertyValueSpecification","valueRequired":true,"valueName":"search_term_string"}}],"inLanguage":"fr-FR"},{"@type":"Organization","@id":"https:\/\/boutique.vignoblescompagnie.com\/home\/#organization","name":"Vignobles&Compagnie","url":"https:\/\/boutique.vignoblescompagnie.com\/home\/","logo":{"@type":"ImageObject","inLanguage":"fr-FR","@id":"https:\/\/boutique.vignoblescompagnie.com\/home\/#\/schema\/logo\/image\/","url":"","contentUrl":"","caption":"Vignobles&Compagnie"},"image":{"@id":"https:\/\/boutique.vignoblescompagnie.com\/home\/#\/schema\/logo\/image\/"},"sameAs":["https:\/\/www.facebook.com\/Vignobles-Compagnie-1936655449884246\/","https:\/\/www.instagram.com\/vignoblescompagnie_rhone\/?hl=fr","https:\/\/www.linkedin.com\/company-beta\/16238931\/","https:\/\/www.youtube.com\/channel\/UCG_Dbr-g9ZLVmr2sX-tTO9g"]},{"@type":"Person","@id":"https:\/\/boutique.vignoblescompagnie.com\/home\/#\/schema\/person\/22575e2c93433935a2a6b445e0d1f10e","name":"Nolwenn Quiot-Ducarre","image":{"@type":"ImageObject","inLanguage":"fr-FR","@id":"https:\/\/boutique.vignoblescompagnie.com\/home\/#\/schema\/person\/image\/","url":"https:\/\/secure.gravatar.com\/avatar\/886fe3022312387f24fa024d5c7f94d7c199e1e5950bf506fb234e605d458409?s=96&d=mm&r=g","contentUrl":"https:\/\/secure.gravatar.com\/avatar\/886fe3022312387f24fa024d5c7f94d7c199e1e5950bf506fb234e605d458409?s=96&d=mm&r=g","caption":"Nolwenn Quiot-Ducarre"}}]}},"_links":{"self":[{"href":"https:\/\/boutique.vignoblescompagnie.com\/home\/wp-json\/wp\/v2\/posts\/19521","targetHints":{"allow":["GET"]}}],"collection":[{"href":"https:\/\/boutique.vignoblescompagnie.com\/home\/wp-json\/wp\/v2\/posts"}],"about":[{"href":"https:\/\/boutique.vignoblescompagnie.com\/home\/wp-json\/wp\/v2\/types\/post"}],"author":[{"embeddable":true,"href":"https:\/\/boutique.vignoblescompagnie.com\/home\/wp-json\/wp\/v2\/users\/906"}],"replies":[{"embeddable":true,"href":"https:\/\/boutique.vignoblescompagnie.com\/home\/wp-json\/wp\/v2\/comments?post=19521"}],"version-history":[{"count":0,"href":"https:\/\/boutique.vignoblescompagnie.com\/home\/wp-json\/wp\/v2\/posts\/19521\/revisions"}],"wp:featuredmedia":[{"embeddable":true,"href":"https:\/\/boutique.vignoblescompagnie.com\/home\/wp-json\/wp\/v2\/media\/19524"}],"wp:attachment":[{"href":"https:\/\/boutique.vignoblescompagnie.com\/home\/wp-json\/wp\/v2\/media?parent=19521"}],"wp:term":[{"taxonomy":"category","embeddable":true,"href":"https:\/\/boutique.vignoblescompagnie.com\/home\/wp-json\/wp\/v2\/categories?post=19521"},{"taxonomy":"post_tag","embeddable":true,"href":"https:\/\/boutique.vignoblescompagnie.com\/home\/wp-json\/wp\/v2\/tags?post=19521"}],"curies":[{"name":"wp","href":"https:\/\/api.w.org\/{rel}","templated":true}]}}