{"id":19429,"date":"2025-07-09T11:31:00","date_gmt":"2025-07-09T09:31:00","guid":{"rendered":"https:\/\/www.vignoblescompagnie.com\/?p=19429"},"modified":"2025-07-09T11:31:00","modified_gmt":"2025-07-09T09:31:00","slug":"%f0%9f%97%9e%ef%b8%8f-presse-a-ceux-qui-revent-dans-sommeliers-international-2025","status":"publish","type":"post","link":"https:\/\/boutique.vignoblescompagnie.com\/home\/fb-blog\/%f0%9f%97%9e%ef%b8%8f-presse-a-ceux-qui-revent-dans-sommeliers-international-2025\/","title":{"rendered":"\ud83d\uddde\ufe0f Presse : A Ceux qui R\u00eavent dans Sommeliers International 2025"},"content":{"rendered":"\n<h3 class=\"wp-block-heading\">\u00c0 Ceux qui R\u00eavent mise \u00e0 l\u2019honneur dans Sommeliers International<\/h3>\n\n\n\n<hr class=\"wp-block-separator has-alpha-channel-opacity\"\/>\n\n\n\n<p>Notre gamme \u00c0 Ceux qui R\u00eavent (Ch\u00e2teauneuf-du-Pape, Hermitage, Sainte-Victoire) est pr\u00e9sent\u00e9e dans le magazine international Sommeliers International. Cette parution met en avant l\u2019ancrage territorial de ces cuv\u00e9es et leur capacit\u00e9 \u00e0 exprimer la richesse des sols du Rh\u00f4ne et de Provence.<\/p>\n\n\n\n<p>\ud83d\udc49 Un bel article \u00e0 d\u00e9couvrir sur <a href=\"https:\/\/www.sommeliers-international.com\/fr\" data-type=\"link\" data-id=\"https:\/\/www.sommeliers-international.com\/fr\">Sommeliers International<\/a>.<\/p>\n\n\n\n<p>\ud83c\udf89 Une reconnaissance qui renforce la fiert\u00e9 de nos \u00e9quipes et valorise l\u2019engagement collectif de V&amp;Co autour du produit bien fait.<\/p>\n\n\n\n<p><em>\u00c9quipe V&amp;Co<\/em><\/p>\n","protected":false},"excerpt":{"rendered":"<p>\u00c0 Ceux qui R\u00eavent mise \u00e0 l\u2019honneur dans Sommeliers International Notre gamme \u00c0 Ceux qui R\u00eavent (Ch\u00e2teauneuf-du-Pape, Hermitage, Sainte-Victoire) est pr\u00e9sent\u00e9e dans le magazine international Sommeliers International. Cette parution met en avant l\u2019ancrage territorial de ces cuv\u00e9es et leur capacit\u00e9 \u00e0 exprimer la richesse des sols du Rh\u00f4ne et de Provence. \ud83d\udc49 Un bel article [&hellip;]<\/p>\n","protected":false},"author":906,"featured_media":19447,"comment_status":"open","ping_status":"open","sticky":false,"template":"","format":"standard","meta":{"footnotes":""},"categories":[1455],"tags":[],"class_list":["post-19429","post","type-post","status-publish","format-standard","has-post-thumbnail","hentry","category-revue-de-presse"],"yoast_head":"<!-- This site is optimized with the Yoast SEO plugin v25.9 - https:\/\/yoast.com\/wordpress\/plugins\/seo\/ -->\n<title>\ud83d\uddde\ufe0f Presse : A Ceux qui R\u00eavent dans Sommeliers International 2025 - Vignobles &amp; Compagnie<\/title>\n<meta name=\"description\" content=\"\u00c0 Ceux qui R\u00eavent mise \u00e0 l\u2019honneur dans Sommeliers International Notre gamme \u00c0 Ceux qui R\u00eavent (Ch\u00e2teauneuf-du-Pape, Hermitage, Sainte-Victoire) est Revue de presse \ud83d\uddde\ufe0f Presse : A Ceux qui R\u00eavent dans Sommeliers International 2025 Engag\u00e9s depuis 1963 , Vignobles &amp; Compagnie\" \/>\n<meta name=\"robots\" content=\"noindex, follow\" \/>\n<meta property=\"og:locale\" content=\"fr_FR\" \/>\n<meta property=\"og:type\" content=\"article\" \/>\n<meta property=\"og:title\" content=\"\ud83d\uddde\ufe0f Presse : A Ceux qui R\u00eavent dans Sommeliers International 2025 - Vignobles &amp; Compagnie\" \/>\n<meta property=\"og:description\" content=\"\u00c0 Ceux qui R\u00eavent mise \u00e0 l\u2019honneur dans Sommeliers International Notre gamme \u00c0 Ceux qui R\u00eavent (Ch\u00e2teauneuf-du-Pape, Hermitage, Sainte-Victoire) est Revue de presse \ud83d\uddde\ufe0f Presse : A Ceux qui R\u00eavent dans Sommeliers International 2025 Engag\u00e9s depuis 1963 , Vignobles &amp; Compagnie\" \/>\n<meta property=\"og:url\" content=\"https:\/\/boutique.vignoblescompagnie.com\/home\/fb-blog\/%f0%9f%97%9e%ef%b8%8f-presse-a-ceux-qui-revent-dans-sommeliers-international-2025\/\" \/>\n<meta property=\"og:site_name\" content=\"Vignobles &amp; Compagnie\" \/>\n<meta property=\"article:publisher\" content=\"https:\/\/www.facebook.com\/Vignobles-Compagnie-1936655449884246\/\" \/>\n<meta property=\"article:published_time\" content=\"2025-07-09T09:31:00+00:00\" \/>\n<meta name=\"author\" content=\"Nolwenn Quiot-Ducarre\" \/>\n<meta name=\"twitter:card\" content=\"summary_large_image\" \/>\n<meta name=\"twitter:label1\" content=\"\u00c9crit par\" \/>\n\t<meta name=\"twitter:data1\" content=\"Nolwenn Quiot-Ducarre\" \/>\n<script type=\"application\/ld+json\" class=\"yoast-schema-graph\">{\"@context\":\"https:\/\/schema.org\",\"@graph\":[{\"@type\":\"Article\",\"@id\":\"https:\/\/boutique.vignoblescompagnie.com\/home\/fb-blog\/%f0%9f%97%9e%ef%b8%8f-presse-a-ceux-qui-revent-dans-sommeliers-international-2025\/#article\",\"isPartOf\":{\"@id\":\"https:\/\/boutique.vignoblescompagnie.com\/home\/fb-blog\/%f0%9f%97%9e%ef%b8%8f-presse-a-ceux-qui-revent-dans-sommeliers-international-2025\/\"},\"author\":{\"name\":\"Nolwenn Quiot-Ducarre\",\"@id\":\"https:\/\/boutique.vignoblescompagnie.com\/home\/#\/schema\/person\/22575e2c93433935a2a6b445e0d1f10e\"},\"headline\":\"\ud83d\uddde\ufe0f Presse : A Ceux qui R\u00eavent dans Sommeliers International 2025\",\"datePublished\":\"2025-07-09T09:31:00+00:00\",\"mainEntityOfPage\":{\"@id\":\"https:\/\/boutique.vignoblescompagnie.com\/home\/fb-blog\/%f0%9f%97%9e%ef%b8%8f-presse-a-ceux-qui-revent-dans-sommeliers-international-2025\/\"},\"wordCount\":100,\"commentCount\":0,\"publisher\":{\"@id\":\"https:\/\/boutique.vignoblescompagnie.com\/home\/#organization\"},\"image\":{\"@id\":\"https:\/\/boutique.vignoblescompagnie.com\/home\/fb-blog\/%f0%9f%97%9e%ef%b8%8f-presse-a-ceux-qui-revent-dans-sommeliers-international-2025\/#primaryimage\"},\"thumbnailUrl\":\"https:\/\/boutique.vignoblescompagnie.com\/wp-content\/uploads\/2025\/07\/PRESSE-SOMMELIERS-INTERNATIONNAL-2025.webp\",\"articleSection\":[\"Revue de presse\"],\"inLanguage\":\"fr-FR\",\"potentialAction\":[{\"@type\":\"CommentAction\",\"name\":\"Comment\",\"target\":[\"https:\/\/boutique.vignoblescompagnie.com\/home\/fb-blog\/%f0%9f%97%9e%ef%b8%8f-presse-a-ceux-qui-revent-dans-sommeliers-international-2025\/#respond\"]}]},{\"@type\":\"WebPage\",\"@id\":\"https:\/\/boutique.vignoblescompagnie.com\/home\/fb-blog\/%f0%9f%97%9e%ef%b8%8f-presse-a-ceux-qui-revent-dans-sommeliers-international-2025\/\",\"url\":\"https:\/\/boutique.vignoblescompagnie.com\/home\/fb-blog\/%f0%9f%97%9e%ef%b8%8f-presse-a-ceux-qui-revent-dans-sommeliers-international-2025\/\",\"name\":\"\ud83d\uddde\ufe0f Presse : A Ceux qui R\u00eavent dans Sommeliers International 2025 - Vignobles &amp; Compagnie\",\"isPartOf\":{\"@id\":\"https:\/\/boutique.vignoblescompagnie.com\/home\/#website\"},\"primaryImageOfPage\":{\"@id\":\"https:\/\/boutique.vignoblescompagnie.com\/home\/fb-blog\/%f0%9f%97%9e%ef%b8%8f-presse-a-ceux-qui-revent-dans-sommeliers-international-2025\/#primaryimage\"},\"image\":{\"@id\":\"https:\/\/boutique.vignoblescompagnie.com\/home\/fb-blog\/%f0%9f%97%9e%ef%b8%8f-presse-a-ceux-qui-revent-dans-sommeliers-international-2025\/#primaryimage\"},\"thumbnailUrl\":\"https:\/\/boutique.vignoblescompagnie.com\/wp-content\/uploads\/2025\/07\/PRESSE-SOMMELIERS-INTERNATIONNAL-2025.webp\",\"datePublished\":\"2025-07-09T09:31:00+00:00\",\"description\":\"\u00c0 Ceux qui R\u00eavent mise \u00e0 l\u2019honneur dans Sommeliers International Notre gamme \u00c0 Ceux qui R\u00eavent (Ch\u00e2teauneuf-du-Pape, Hermitage, Sainte-Victoire) est Revue de presse \ud83d\uddde\ufe0f Presse : A Ceux qui R\u00eavent dans Sommeliers International 2025 Engag\u00e9s depuis 1963 , Vignobles &amp; Compagnie\",\"breadcrumb\":{\"@id\":\"https:\/\/boutique.vignoblescompagnie.com\/home\/fb-blog\/%f0%9f%97%9e%ef%b8%8f-presse-a-ceux-qui-revent-dans-sommeliers-international-2025\/#breadcrumb\"},\"inLanguage\":\"fr-FR\",\"potentialAction\":[{\"@type\":\"ReadAction\",\"target\":[\"https:\/\/boutique.vignoblescompagnie.com\/home\/fb-blog\/%f0%9f%97%9e%ef%b8%8f-presse-a-ceux-qui-revent-dans-sommeliers-international-2025\/\"]}]},{\"@type\":\"ImageObject\",\"inLanguage\":\"fr-FR\",\"@id\":\"https:\/\/boutique.vignoblescompagnie.com\/home\/fb-blog\/%f0%9f%97%9e%ef%b8%8f-presse-a-ceux-qui-revent-dans-sommeliers-international-2025\/#primaryimage\",\"url\":\"https:\/\/boutique.vignoblescompagnie.com\/wp-content\/uploads\/2025\/07\/PRESSE-SOMMELIERS-INTERNATIONNAL-2025.webp\",\"contentUrl\":\"https:\/\/boutique.vignoblescompagnie.com\/wp-content\/uploads\/2025\/07\/PRESSE-SOMMELIERS-INTERNATIONNAL-2025.webp\",\"width\":494,\"height\":308,\"caption\":\"PRESSE - SOMMELIERS INTERNATIONNAL 2025\"},{\"@type\":\"BreadcrumbList\",\"@id\":\"https:\/\/boutique.vignoblescompagnie.com\/home\/fb-blog\/%f0%9f%97%9e%ef%b8%8f-presse-a-ceux-qui-revent-dans-sommeliers-international-2025\/#breadcrumb\",\"itemListElement\":[{\"@type\":\"ListItem\",\"position\":1,\"name\":\"Home\",\"item\":\"https:\/\/boutique.vignoblescompagnie.com\/home\/\"},{\"@type\":\"ListItem\",\"position\":2,\"name\":\"\ud83d\uddde\ufe0f Presse : A Ceux qui R\u00eavent dans Sommeliers International 2025\"}]},{\"@type\":\"WebSite\",\"@id\":\"https:\/\/boutique.vignoblescompagnie.com\/home\/#website\",\"url\":\"https:\/\/boutique.vignoblescompagnie.com\/home\/\",\"name\":\"Vignobles &amp; Compagnie\",\"description\":\"Engag\u00e9s depuis 1963\",\"publisher\":{\"@id\":\"https:\/\/boutique.vignoblescompagnie.com\/home\/#organization\"},\"potentialAction\":[{\"@type\":\"SearchAction\",\"target\":{\"@type\":\"EntryPoint\",\"urlTemplate\":\"https:\/\/boutique.vignoblescompagnie.com\/home\/?s={search_term_string}\"},\"query-input\":{\"@type\":\"PropertyValueSpecification\",\"valueRequired\":true,\"valueName\":\"search_term_string\"}}],\"inLanguage\":\"fr-FR\"},{\"@type\":\"Organization\",\"@id\":\"https:\/\/boutique.vignoblescompagnie.com\/home\/#organization\",\"name\":\"Vignobles&Compagnie\",\"url\":\"https:\/\/boutique.vignoblescompagnie.com\/home\/\",\"logo\":{\"@type\":\"ImageObject\",\"inLanguage\":\"fr-FR\",\"@id\":\"https:\/\/boutique.vignoblescompagnie.com\/home\/#\/schema\/logo\/image\/\",\"url\":\"\",\"contentUrl\":\"\",\"caption\":\"Vignobles&Compagnie\"},\"image\":{\"@id\":\"https:\/\/boutique.vignoblescompagnie.com\/home\/#\/schema\/logo\/image\/\"},\"sameAs\":[\"https:\/\/www.facebook.com\/Vignobles-Compagnie-1936655449884246\/\",\"https:\/\/www.instagram.com\/vignoblescompagnie_rhone\/?hl=fr\",\"https:\/\/www.linkedin.com\/company-beta\/16238931\/\",\"https:\/\/www.youtube.com\/channel\/UCG_Dbr-g9ZLVmr2sX-tTO9g\"]},{\"@type\":\"Person\",\"@id\":\"https:\/\/boutique.vignoblescompagnie.com\/home\/#\/schema\/person\/22575e2c93433935a2a6b445e0d1f10e\",\"name\":\"Nolwenn Quiot-Ducarre\",\"image\":{\"@type\":\"ImageObject\",\"inLanguage\":\"fr-FR\",\"@id\":\"https:\/\/boutique.vignoblescompagnie.com\/home\/#\/schema\/person\/image\/\",\"url\":\"https:\/\/secure.gravatar.com\/avatar\/886fe3022312387f24fa024d5c7f94d7c199e1e5950bf506fb234e605d458409?s=96&d=mm&r=g\",\"contentUrl\":\"https:\/\/secure.gravatar.com\/avatar\/886fe3022312387f24fa024d5c7f94d7c199e1e5950bf506fb234e605d458409?s=96&d=mm&r=g\",\"caption\":\"Nolwenn Quiot-Ducarre\"}}]}<\/script>\n<!-- \/ Yoast SEO plugin. -->","yoast_head_json":{"title":"\ud83d\uddde\ufe0f Presse : A Ceux qui R\u00eavent dans Sommeliers International 2025 - Vignobles &amp; Compagnie","description":"\u00c0 Ceux qui R\u00eavent mise \u00e0 l\u2019honneur dans Sommeliers International Notre gamme \u00c0 Ceux qui R\u00eavent (Ch\u00e2teauneuf-du-Pape, Hermitage, Sainte-Victoire) est Revue de presse \ud83d\uddde\ufe0f Presse : A Ceux qui R\u00eavent dans Sommeliers International 2025 Engag\u00e9s depuis 1963 , Vignobles &amp; Compagnie","robots":{"index":"noindex","follow":"follow"},"og_locale":"fr_FR","og_type":"article","og_title":"\ud83d\uddde\ufe0f Presse : A Ceux qui R\u00eavent dans Sommeliers International 2025 - Vignobles &amp; Compagnie","og_description":"\u00c0 Ceux qui R\u00eavent mise \u00e0 l\u2019honneur dans Sommeliers International Notre gamme \u00c0 Ceux qui R\u00eavent (Ch\u00e2teauneuf-du-Pape, Hermitage, Sainte-Victoire) est Revue de presse \ud83d\uddde\ufe0f Presse : A Ceux qui R\u00eavent dans Sommeliers International 2025 Engag\u00e9s depuis 1963 , Vignobles &amp; Compagnie","og_url":"https:\/\/boutique.vignoblescompagnie.com\/home\/fb-blog\/%f0%9f%97%9e%ef%b8%8f-presse-a-ceux-qui-revent-dans-sommeliers-international-2025\/","og_site_name":"Vignobles &amp; Compagnie","article_publisher":"https:\/\/www.facebook.com\/Vignobles-Compagnie-1936655449884246\/","article_published_time":"2025-07-09T09:31:00+00:00","author":"Nolwenn Quiot-Ducarre","twitter_card":"summary_large_image","twitter_misc":{"\u00c9crit par":"Nolwenn Quiot-Ducarre"},"schema":{"@context":"https:\/\/schema.org","@graph":[{"@type":"Article","@id":"https:\/\/boutique.vignoblescompagnie.com\/home\/fb-blog\/%f0%9f%97%9e%ef%b8%8f-presse-a-ceux-qui-revent-dans-sommeliers-international-2025\/#article","isPartOf":{"@id":"https:\/\/boutique.vignoblescompagnie.com\/home\/fb-blog\/%f0%9f%97%9e%ef%b8%8f-presse-a-ceux-qui-revent-dans-sommeliers-international-2025\/"},"author":{"name":"Nolwenn Quiot-Ducarre","@id":"https:\/\/boutique.vignoblescompagnie.com\/home\/#\/schema\/person\/22575e2c93433935a2a6b445e0d1f10e"},"headline":"\ud83d\uddde\ufe0f Presse : A Ceux qui R\u00eavent dans Sommeliers International 2025","datePublished":"2025-07-09T09:31:00+00:00","mainEntityOfPage":{"@id":"https:\/\/boutique.vignoblescompagnie.com\/home\/fb-blog\/%f0%9f%97%9e%ef%b8%8f-presse-a-ceux-qui-revent-dans-sommeliers-international-2025\/"},"wordCount":100,"commentCount":0,"publisher":{"@id":"https:\/\/boutique.vignoblescompagnie.com\/home\/#organization"},"image":{"@id":"https:\/\/boutique.vignoblescompagnie.com\/home\/fb-blog\/%f0%9f%97%9e%ef%b8%8f-presse-a-ceux-qui-revent-dans-sommeliers-international-2025\/#primaryimage"},"thumbnailUrl":"https:\/\/boutique.vignoblescompagnie.com\/wp-content\/uploads\/2025\/07\/PRESSE-SOMMELIERS-INTERNATIONNAL-2025.webp","articleSection":["Revue de presse"],"inLanguage":"fr-FR","potentialAction":[{"@type":"CommentAction","name":"Comment","target":["https:\/\/boutique.vignoblescompagnie.com\/home\/fb-blog\/%f0%9f%97%9e%ef%b8%8f-presse-a-ceux-qui-revent-dans-sommeliers-international-2025\/#respond"]}]},{"@type":"WebPage","@id":"https:\/\/boutique.vignoblescompagnie.com\/home\/fb-blog\/%f0%9f%97%9e%ef%b8%8f-presse-a-ceux-qui-revent-dans-sommeliers-international-2025\/","url":"https:\/\/boutique.vignoblescompagnie.com\/home\/fb-blog\/%f0%9f%97%9e%ef%b8%8f-presse-a-ceux-qui-revent-dans-sommeliers-international-2025\/","name":"\ud83d\uddde\ufe0f Presse : A Ceux qui R\u00eavent dans Sommeliers International 2025 - Vignobles &amp; Compagnie","isPartOf":{"@id":"https:\/\/boutique.vignoblescompagnie.com\/home\/#website"},"primaryImageOfPage":{"@id":"https:\/\/boutique.vignoblescompagnie.com\/home\/fb-blog\/%f0%9f%97%9e%ef%b8%8f-presse-a-ceux-qui-revent-dans-sommeliers-international-2025\/#primaryimage"},"image":{"@id":"https:\/\/boutique.vignoblescompagnie.com\/home\/fb-blog\/%f0%9f%97%9e%ef%b8%8f-presse-a-ceux-qui-revent-dans-sommeliers-international-2025\/#primaryimage"},"thumbnailUrl":"https:\/\/boutique.vignoblescompagnie.com\/wp-content\/uploads\/2025\/07\/PRESSE-SOMMELIERS-INTERNATIONNAL-2025.webp","datePublished":"2025-07-09T09:31:00+00:00","description":"\u00c0 Ceux qui R\u00eavent mise \u00e0 l\u2019honneur dans Sommeliers International Notre gamme \u00c0 Ceux qui R\u00eavent (Ch\u00e2teauneuf-du-Pape, Hermitage, Sainte-Victoire) est Revue de presse \ud83d\uddde\ufe0f Presse : A Ceux qui R\u00eavent dans Sommeliers International 2025 Engag\u00e9s depuis 1963 , Vignobles &amp; Compagnie","breadcrumb":{"@id":"https:\/\/boutique.vignoblescompagnie.com\/home\/fb-blog\/%f0%9f%97%9e%ef%b8%8f-presse-a-ceux-qui-revent-dans-sommeliers-international-2025\/#breadcrumb"},"inLanguage":"fr-FR","potentialAction":[{"@type":"ReadAction","target":["https:\/\/boutique.vignoblescompagnie.com\/home\/fb-blog\/%f0%9f%97%9e%ef%b8%8f-presse-a-ceux-qui-revent-dans-sommeliers-international-2025\/"]}]},{"@type":"ImageObject","inLanguage":"fr-FR","@id":"https:\/\/boutique.vignoblescompagnie.com\/home\/fb-blog\/%f0%9f%97%9e%ef%b8%8f-presse-a-ceux-qui-revent-dans-sommeliers-international-2025\/#primaryimage","url":"https:\/\/boutique.vignoblescompagnie.com\/wp-content\/uploads\/2025\/07\/PRESSE-SOMMELIERS-INTERNATIONNAL-2025.webp","contentUrl":"https:\/\/boutique.vignoblescompagnie.com\/wp-content\/uploads\/2025\/07\/PRESSE-SOMMELIERS-INTERNATIONNAL-2025.webp","width":494,"height":308,"caption":"PRESSE - SOMMELIERS INTERNATIONNAL 2025"},{"@type":"BreadcrumbList","@id":"https:\/\/boutique.vignoblescompagnie.com\/home\/fb-blog\/%f0%9f%97%9e%ef%b8%8f-presse-a-ceux-qui-revent-dans-sommeliers-international-2025\/#breadcrumb","itemListElement":[{"@type":"ListItem","position":1,"name":"Home","item":"https:\/\/boutique.vignoblescompagnie.com\/home\/"},{"@type":"ListItem","position":2,"name":"\ud83d\uddde\ufe0f Presse : A Ceux qui R\u00eavent dans Sommeliers International 2025"}]},{"@type":"WebSite","@id":"https:\/\/boutique.vignoblescompagnie.com\/home\/#website","url":"https:\/\/boutique.vignoblescompagnie.com\/home\/","name":"Vignobles &amp; Compagnie","description":"Engag\u00e9s depuis 1963","publisher":{"@id":"https:\/\/boutique.vignoblescompagnie.com\/home\/#organization"},"potentialAction":[{"@type":"SearchAction","target":{"@type":"EntryPoint","urlTemplate":"https:\/\/boutique.vignoblescompagnie.com\/home\/?s={search_term_string}"},"query-input":{"@type":"PropertyValueSpecification","valueRequired":true,"valueName":"search_term_string"}}],"inLanguage":"fr-FR"},{"@type":"Organization","@id":"https:\/\/boutique.vignoblescompagnie.com\/home\/#organization","name":"Vignobles&Compagnie","url":"https:\/\/boutique.vignoblescompagnie.com\/home\/","logo":{"@type":"ImageObject","inLanguage":"fr-FR","@id":"https:\/\/boutique.vignoblescompagnie.com\/home\/#\/schema\/logo\/image\/","url":"","contentUrl":"","caption":"Vignobles&Compagnie"},"image":{"@id":"https:\/\/boutique.vignoblescompagnie.com\/home\/#\/schema\/logo\/image\/"},"sameAs":["https:\/\/www.facebook.com\/Vignobles-Compagnie-1936655449884246\/","https:\/\/www.instagram.com\/vignoblescompagnie_rhone\/?hl=fr","https:\/\/www.linkedin.com\/company-beta\/16238931\/","https:\/\/www.youtube.com\/channel\/UCG_Dbr-g9ZLVmr2sX-tTO9g"]},{"@type":"Person","@id":"https:\/\/boutique.vignoblescompagnie.com\/home\/#\/schema\/person\/22575e2c93433935a2a6b445e0d1f10e","name":"Nolwenn Quiot-Ducarre","image":{"@type":"ImageObject","inLanguage":"fr-FR","@id":"https:\/\/boutique.vignoblescompagnie.com\/home\/#\/schema\/person\/image\/","url":"https:\/\/secure.gravatar.com\/avatar\/886fe3022312387f24fa024d5c7f94d7c199e1e5950bf506fb234e605d458409?s=96&d=mm&r=g","contentUrl":"https:\/\/secure.gravatar.com\/avatar\/886fe3022312387f24fa024d5c7f94d7c199e1e5950bf506fb234e605d458409?s=96&d=mm&r=g","caption":"Nolwenn Quiot-Ducarre"}}]}},"_links":{"self":[{"href":"https:\/\/boutique.vignoblescompagnie.com\/home\/wp-json\/wp\/v2\/posts\/19429","targetHints":{"allow":["GET"]}}],"collection":[{"href":"https:\/\/boutique.vignoblescompagnie.com\/home\/wp-json\/wp\/v2\/posts"}],"about":[{"href":"https:\/\/boutique.vignoblescompagnie.com\/home\/wp-json\/wp\/v2\/types\/post"}],"author":[{"embeddable":true,"href":"https:\/\/boutique.vignoblescompagnie.com\/home\/wp-json\/wp\/v2\/users\/906"}],"replies":[{"embeddable":true,"href":"https:\/\/boutique.vignoblescompagnie.com\/home\/wp-json\/wp\/v2\/comments?post=19429"}],"version-history":[{"count":0,"href":"https:\/\/boutique.vignoblescompagnie.com\/home\/wp-json\/wp\/v2\/posts\/19429\/revisions"}],"wp:featuredmedia":[{"embeddable":true,"href":"https:\/\/boutique.vignoblescompagnie.com\/home\/wp-json\/wp\/v2\/media\/19447"}],"wp:attachment":[{"href":"https:\/\/boutique.vignoblescompagnie.com\/home\/wp-json\/wp\/v2\/media?parent=19429"}],"wp:term":[{"taxonomy":"category","embeddable":true,"href":"https:\/\/boutique.vignoblescompagnie.com\/home\/wp-json\/wp\/v2\/categories?post=19429"},{"taxonomy":"post_tag","embeddable":true,"href":"https:\/\/boutique.vignoblescompagnie.com\/home\/wp-json\/wp\/v2\/tags?post=19429"}],"curies":[{"name":"wp","href":"https:\/\/api.w.org\/{rel}","templated":true}]}}