{"id":19257,"date":"2025-06-23T10:56:00","date_gmt":"2025-06-23T08:56:00","guid":{"rendered":"https:\/\/www.vignoblescompagnie.com\/?p=19257"},"modified":"2025-06-23T10:56:00","modified_gmt":"2025-06-23T08:56:00","slug":"%f0%9f%8d%87-filiere-cairanne-voit-rouge","status":"publish","type":"post","link":"https:\/\/boutique.vignoblescompagnie.com\/home\/fb-blog\/%f0%9f%8d%87-filiere-cairanne-voit-rouge\/","title":{"rendered":"\ud83c\udf47 Fili\u00e8re : Cairanne voit rouge"},"content":{"rendered":"\n<h3 class=\"wp-block-heading\">Cairanne : un cru dynamique frein\u00e9 par l\u2019inertie r\u00e9glementaire<\/h3>\n\n\n\n<p>Malgr\u00e9 une conjoncture difficile, l\u2019AOC Cairanne, pass\u00e9e en cru en 2016, affiche une bonne sant\u00e9\u2026 mais voit son essor du blanc frein\u00e9 par un cahier des charges jug\u00e9 trop rigide.<br>Le pr\u00e9sident de l\u2019appellation, Laurent Brusset, alerte : alors que la demande est l\u00e0, \u00ab\u202fnous sommes en train de rater le virage du blanc\u202f\u00bb. Une demande de modification a \u00e9t\u00e9 d\u00e9pos\u00e9e \u00e0 l\u2019INAO fin 2023, mais reste sans r\u00e9ponse concr\u00e8te, illustrant un d\u00e9calage entre les attentes du terrain et la lenteur des d\u00e9cisions nationales.<br>\ud83c\udfaf Un enjeu crucial pour l\u2019avenir des AOP, \u00e0 l\u2019heure o\u00f9 IGP et Vins de France s\u00e9duisent par leur agilit\u00e9.<\/p>\n\n\n\n<p><br>\ud83d\udd17 Pour en savoir plus : <a href=\"https:\/\/www.vitisphere.com\/actualite-102627-le-cahier-des-charges-des-vins-de-cairanne-contraint-devoluer-face-au-changement-climatique.html\" data-type=\"link\" data-id=\"https:\/\/www.vitisphere.com\/actualite-102627-le-cahier-des-charges-des-vins-de-cairanne-contraint-devoluer-face-au-changement-climatique.html\" target=\"_blank\" rel=\"noreferrer noopener\">Vitisph\u00e8re<\/a><\/p>\n\n\n\n<p><em>Equipe V&amp;Co<\/em><\/p>\n","protected":false},"excerpt":{"rendered":"<p>Cairanne : un cru dynamique frein\u00e9 par l\u2019inertie r\u00e9glementaire Malgr\u00e9 une conjoncture difficile, l\u2019AOC Cairanne, pass\u00e9e en cru en 2016, affiche une bonne sant\u00e9\u2026 mais voit son essor du blanc frein\u00e9 par un cahier des charges jug\u00e9 trop rigide.Le pr\u00e9sident de l\u2019appellation, Laurent Brusset, alerte : alors que la demande est l\u00e0, \u00ab\u202fnous sommes en [&hellip;]<\/p>\n","protected":false},"author":906,"featured_media":19261,"comment_status":"open","ping_status":"open","sticky":false,"template":"","format":"standard","meta":{"footnotes":""},"categories":[1472],"tags":[],"class_list":["post-19257","post","type-post","status-publish","format-standard","has-post-thumbnail","hentry","category-filiere-vin"],"yoast_head":"<!-- This site is optimized with the Yoast SEO plugin v25.9 - https:\/\/yoast.com\/wordpress\/plugins\/seo\/ -->\n<title>\ud83c\udf47 Fili\u00e8re : Cairanne voit rouge - Vignobles &amp; Compagnie<\/title>\n<meta name=\"description\" content=\"Cairanne : un cru dynamique frein\u00e9 par l\u2019inertie r\u00e9glementaire Malgr\u00e9 une conjoncture difficile, l\u2019AOC Cairanne, pass\u00e9e en cru en 2016, affiche une bonne Fili\u00e8re vin \ud83c\udf47 Fili\u00e8re : Cairanne voit rouge Engag\u00e9s depuis 1963 , Vignobles &amp; Compagnie\" \/>\n<meta name=\"robots\" content=\"noindex, follow\" \/>\n<meta property=\"og:locale\" content=\"fr_FR\" \/>\n<meta property=\"og:type\" content=\"article\" \/>\n<meta property=\"og:title\" content=\"\ud83c\udf47 Fili\u00e8re : Cairanne voit rouge - Vignobles &amp; Compagnie\" \/>\n<meta property=\"og:description\" content=\"Cairanne : un cru dynamique frein\u00e9 par l\u2019inertie r\u00e9glementaire Malgr\u00e9 une conjoncture difficile, l\u2019AOC Cairanne, pass\u00e9e en cru en 2016, affiche une bonne Fili\u00e8re vin \ud83c\udf47 Fili\u00e8re : Cairanne voit rouge Engag\u00e9s depuis 1963 , Vignobles &amp; Compagnie\" \/>\n<meta property=\"og:url\" content=\"https:\/\/boutique.vignoblescompagnie.com\/home\/fb-blog\/%f0%9f%8d%87-filiere-cairanne-voit-rouge\/\" \/>\n<meta property=\"og:site_name\" content=\"Vignobles &amp; Compagnie\" \/>\n<meta property=\"article:publisher\" content=\"https:\/\/www.facebook.com\/Vignobles-Compagnie-1936655449884246\/\" \/>\n<meta property=\"article:published_time\" content=\"2025-06-23T08:56:00+00:00\" \/>\n<meta name=\"author\" content=\"Nolwenn Quiot-Ducarre\" \/>\n<meta name=\"twitter:card\" content=\"summary_large_image\" \/>\n<meta name=\"twitter:label1\" content=\"\u00c9crit par\" \/>\n\t<meta name=\"twitter:data1\" content=\"Nolwenn Quiot-Ducarre\" \/>\n\t<meta name=\"twitter:label2\" content=\"Dur\u00e9e de lecture estim\u00e9e\" \/>\n\t<meta name=\"twitter:data2\" content=\"1 minute\" \/>\n<script type=\"application\/ld+json\" class=\"yoast-schema-graph\">{\"@context\":\"https:\/\/schema.org\",\"@graph\":[{\"@type\":\"Article\",\"@id\":\"https:\/\/boutique.vignoblescompagnie.com\/home\/fb-blog\/%f0%9f%8d%87-filiere-cairanne-voit-rouge\/#article\",\"isPartOf\":{\"@id\":\"https:\/\/boutique.vignoblescompagnie.com\/home\/fb-blog\/%f0%9f%8d%87-filiere-cairanne-voit-rouge\/\"},\"author\":{\"name\":\"Nolwenn Quiot-Ducarre\",\"@id\":\"https:\/\/boutique.vignoblescompagnie.com\/home\/#\/schema\/person\/22575e2c93433935a2a6b445e0d1f10e\"},\"headline\":\"\ud83c\udf47 Fili\u00e8re : Cairanne voit rouge\",\"datePublished\":\"2025-06-23T08:56:00+00:00\",\"mainEntityOfPage\":{\"@id\":\"https:\/\/boutique.vignoblescompagnie.com\/home\/fb-blog\/%f0%9f%8d%87-filiere-cairanne-voit-rouge\/\"},\"wordCount\":137,\"commentCount\":0,\"publisher\":{\"@id\":\"https:\/\/boutique.vignoblescompagnie.com\/home\/#organization\"},\"image\":{\"@id\":\"https:\/\/boutique.vignoblescompagnie.com\/home\/fb-blog\/%f0%9f%8d%87-filiere-cairanne-voit-rouge\/#primaryimage\"},\"thumbnailUrl\":\"https:\/\/boutique.vignoblescompagnie.com\/wp-content\/uploads\/2025\/06\/FILIERE-CAIRANNE.webp\",\"articleSection\":[\"Fili\u00e8re vin\"],\"inLanguage\":\"fr-FR\",\"potentialAction\":[{\"@type\":\"CommentAction\",\"name\":\"Comment\",\"target\":[\"https:\/\/boutique.vignoblescompagnie.com\/home\/fb-blog\/%f0%9f%8d%87-filiere-cairanne-voit-rouge\/#respond\"]}]},{\"@type\":\"WebPage\",\"@id\":\"https:\/\/boutique.vignoblescompagnie.com\/home\/fb-blog\/%f0%9f%8d%87-filiere-cairanne-voit-rouge\/\",\"url\":\"https:\/\/boutique.vignoblescompagnie.com\/home\/fb-blog\/%f0%9f%8d%87-filiere-cairanne-voit-rouge\/\",\"name\":\"\ud83c\udf47 Fili\u00e8re : Cairanne voit rouge - Vignobles &amp; Compagnie\",\"isPartOf\":{\"@id\":\"https:\/\/boutique.vignoblescompagnie.com\/home\/#website\"},\"primaryImageOfPage\":{\"@id\":\"https:\/\/boutique.vignoblescompagnie.com\/home\/fb-blog\/%f0%9f%8d%87-filiere-cairanne-voit-rouge\/#primaryimage\"},\"image\":{\"@id\":\"https:\/\/boutique.vignoblescompagnie.com\/home\/fb-blog\/%f0%9f%8d%87-filiere-cairanne-voit-rouge\/#primaryimage\"},\"thumbnailUrl\":\"https:\/\/boutique.vignoblescompagnie.com\/wp-content\/uploads\/2025\/06\/FILIERE-CAIRANNE.webp\",\"datePublished\":\"2025-06-23T08:56:00+00:00\",\"description\":\"Cairanne : un cru dynamique frein\u00e9 par l\u2019inertie r\u00e9glementaire Malgr\u00e9 une conjoncture difficile, l\u2019AOC Cairanne, pass\u00e9e en cru en 2016, affiche une bonne Fili\u00e8re vin \ud83c\udf47 Fili\u00e8re : Cairanne voit rouge Engag\u00e9s depuis 1963 , Vignobles &amp; Compagnie\",\"breadcrumb\":{\"@id\":\"https:\/\/boutique.vignoblescompagnie.com\/home\/fb-blog\/%f0%9f%8d%87-filiere-cairanne-voit-rouge\/#breadcrumb\"},\"inLanguage\":\"fr-FR\",\"potentialAction\":[{\"@type\":\"ReadAction\",\"target\":[\"https:\/\/boutique.vignoblescompagnie.com\/home\/fb-blog\/%f0%9f%8d%87-filiere-cairanne-voit-rouge\/\"]}]},{\"@type\":\"ImageObject\",\"inLanguage\":\"fr-FR\",\"@id\":\"https:\/\/boutique.vignoblescompagnie.com\/home\/fb-blog\/%f0%9f%8d%87-filiere-cairanne-voit-rouge\/#primaryimage\",\"url\":\"https:\/\/boutique.vignoblescompagnie.com\/wp-content\/uploads\/2025\/06\/FILIERE-CAIRANNE.webp\",\"contentUrl\":\"https:\/\/boutique.vignoblescompagnie.com\/wp-content\/uploads\/2025\/06\/FILIERE-CAIRANNE.webp\",\"width\":494,\"height\":308,\"caption\":\"FILIERE - CAIRANNE\"},{\"@type\":\"BreadcrumbList\",\"@id\":\"https:\/\/boutique.vignoblescompagnie.com\/home\/fb-blog\/%f0%9f%8d%87-filiere-cairanne-voit-rouge\/#breadcrumb\",\"itemListElement\":[{\"@type\":\"ListItem\",\"position\":1,\"name\":\"Home\",\"item\":\"https:\/\/boutique.vignoblescompagnie.com\/home\/\"},{\"@type\":\"ListItem\",\"position\":2,\"name\":\"\ud83c\udf47 Fili\u00e8re : Cairanne voit rouge\"}]},{\"@type\":\"WebSite\",\"@id\":\"https:\/\/boutique.vignoblescompagnie.com\/home\/#website\",\"url\":\"https:\/\/boutique.vignoblescompagnie.com\/home\/\",\"name\":\"Vignobles &amp; Compagnie\",\"description\":\"Engag\u00e9s depuis 1963\",\"publisher\":{\"@id\":\"https:\/\/boutique.vignoblescompagnie.com\/home\/#organization\"},\"potentialAction\":[{\"@type\":\"SearchAction\",\"target\":{\"@type\":\"EntryPoint\",\"urlTemplate\":\"https:\/\/boutique.vignoblescompagnie.com\/home\/?s={search_term_string}\"},\"query-input\":{\"@type\":\"PropertyValueSpecification\",\"valueRequired\":true,\"valueName\":\"search_term_string\"}}],\"inLanguage\":\"fr-FR\"},{\"@type\":\"Organization\",\"@id\":\"https:\/\/boutique.vignoblescompagnie.com\/home\/#organization\",\"name\":\"Vignobles&Compagnie\",\"url\":\"https:\/\/boutique.vignoblescompagnie.com\/home\/\",\"logo\":{\"@type\":\"ImageObject\",\"inLanguage\":\"fr-FR\",\"@id\":\"https:\/\/boutique.vignoblescompagnie.com\/home\/#\/schema\/logo\/image\/\",\"url\":\"\",\"contentUrl\":\"\",\"caption\":\"Vignobles&Compagnie\"},\"image\":{\"@id\":\"https:\/\/boutique.vignoblescompagnie.com\/home\/#\/schema\/logo\/image\/\"},\"sameAs\":[\"https:\/\/www.facebook.com\/Vignobles-Compagnie-1936655449884246\/\",\"https:\/\/www.instagram.com\/vignoblescompagnie_rhone\/?hl=fr\",\"https:\/\/www.linkedin.com\/company-beta\/16238931\/\",\"https:\/\/www.youtube.com\/channel\/UCG_Dbr-g9ZLVmr2sX-tTO9g\"]},{\"@type\":\"Person\",\"@id\":\"https:\/\/boutique.vignoblescompagnie.com\/home\/#\/schema\/person\/22575e2c93433935a2a6b445e0d1f10e\",\"name\":\"Nolwenn Quiot-Ducarre\",\"image\":{\"@type\":\"ImageObject\",\"inLanguage\":\"fr-FR\",\"@id\":\"https:\/\/boutique.vignoblescompagnie.com\/home\/#\/schema\/person\/image\/\",\"url\":\"https:\/\/secure.gravatar.com\/avatar\/886fe3022312387f24fa024d5c7f94d7c199e1e5950bf506fb234e605d458409?s=96&d=mm&r=g\",\"contentUrl\":\"https:\/\/secure.gravatar.com\/avatar\/886fe3022312387f24fa024d5c7f94d7c199e1e5950bf506fb234e605d458409?s=96&d=mm&r=g\",\"caption\":\"Nolwenn Quiot-Ducarre\"}}]}<\/script>\n<!-- \/ Yoast SEO plugin. -->","yoast_head_json":{"title":"\ud83c\udf47 Fili\u00e8re : Cairanne voit rouge - Vignobles &amp; Compagnie","description":"Cairanne : un cru dynamique frein\u00e9 par l\u2019inertie r\u00e9glementaire Malgr\u00e9 une conjoncture difficile, l\u2019AOC Cairanne, pass\u00e9e en cru en 2016, affiche une bonne Fili\u00e8re vin \ud83c\udf47 Fili\u00e8re : Cairanne voit rouge Engag\u00e9s depuis 1963 , Vignobles &amp; Compagnie","robots":{"index":"noindex","follow":"follow"},"og_locale":"fr_FR","og_type":"article","og_title":"\ud83c\udf47 Fili\u00e8re : Cairanne voit rouge - Vignobles &amp; Compagnie","og_description":"Cairanne : un cru dynamique frein\u00e9 par l\u2019inertie r\u00e9glementaire Malgr\u00e9 une conjoncture difficile, l\u2019AOC Cairanne, pass\u00e9e en cru en 2016, affiche une bonne Fili\u00e8re vin \ud83c\udf47 Fili\u00e8re : Cairanne voit rouge Engag\u00e9s depuis 1963 , Vignobles &amp; Compagnie","og_url":"https:\/\/boutique.vignoblescompagnie.com\/home\/fb-blog\/%f0%9f%8d%87-filiere-cairanne-voit-rouge\/","og_site_name":"Vignobles &amp; Compagnie","article_publisher":"https:\/\/www.facebook.com\/Vignobles-Compagnie-1936655449884246\/","article_published_time":"2025-06-23T08:56:00+00:00","author":"Nolwenn Quiot-Ducarre","twitter_card":"summary_large_image","twitter_misc":{"\u00c9crit par":"Nolwenn Quiot-Ducarre","Dur\u00e9e de lecture estim\u00e9e":"1 minute"},"schema":{"@context":"https:\/\/schema.org","@graph":[{"@type":"Article","@id":"https:\/\/boutique.vignoblescompagnie.com\/home\/fb-blog\/%f0%9f%8d%87-filiere-cairanne-voit-rouge\/#article","isPartOf":{"@id":"https:\/\/boutique.vignoblescompagnie.com\/home\/fb-blog\/%f0%9f%8d%87-filiere-cairanne-voit-rouge\/"},"author":{"name":"Nolwenn Quiot-Ducarre","@id":"https:\/\/boutique.vignoblescompagnie.com\/home\/#\/schema\/person\/22575e2c93433935a2a6b445e0d1f10e"},"headline":"\ud83c\udf47 Fili\u00e8re : Cairanne voit rouge","datePublished":"2025-06-23T08:56:00+00:00","mainEntityOfPage":{"@id":"https:\/\/boutique.vignoblescompagnie.com\/home\/fb-blog\/%f0%9f%8d%87-filiere-cairanne-voit-rouge\/"},"wordCount":137,"commentCount":0,"publisher":{"@id":"https:\/\/boutique.vignoblescompagnie.com\/home\/#organization"},"image":{"@id":"https:\/\/boutique.vignoblescompagnie.com\/home\/fb-blog\/%f0%9f%8d%87-filiere-cairanne-voit-rouge\/#primaryimage"},"thumbnailUrl":"https:\/\/boutique.vignoblescompagnie.com\/wp-content\/uploads\/2025\/06\/FILIERE-CAIRANNE.webp","articleSection":["Fili\u00e8re vin"],"inLanguage":"fr-FR","potentialAction":[{"@type":"CommentAction","name":"Comment","target":["https:\/\/boutique.vignoblescompagnie.com\/home\/fb-blog\/%f0%9f%8d%87-filiere-cairanne-voit-rouge\/#respond"]}]},{"@type":"WebPage","@id":"https:\/\/boutique.vignoblescompagnie.com\/home\/fb-blog\/%f0%9f%8d%87-filiere-cairanne-voit-rouge\/","url":"https:\/\/boutique.vignoblescompagnie.com\/home\/fb-blog\/%f0%9f%8d%87-filiere-cairanne-voit-rouge\/","name":"\ud83c\udf47 Fili\u00e8re : Cairanne voit rouge - Vignobles &amp; Compagnie","isPartOf":{"@id":"https:\/\/boutique.vignoblescompagnie.com\/home\/#website"},"primaryImageOfPage":{"@id":"https:\/\/boutique.vignoblescompagnie.com\/home\/fb-blog\/%f0%9f%8d%87-filiere-cairanne-voit-rouge\/#primaryimage"},"image":{"@id":"https:\/\/boutique.vignoblescompagnie.com\/home\/fb-blog\/%f0%9f%8d%87-filiere-cairanne-voit-rouge\/#primaryimage"},"thumbnailUrl":"https:\/\/boutique.vignoblescompagnie.com\/wp-content\/uploads\/2025\/06\/FILIERE-CAIRANNE.webp","datePublished":"2025-06-23T08:56:00+00:00","description":"Cairanne : un cru dynamique frein\u00e9 par l\u2019inertie r\u00e9glementaire Malgr\u00e9 une conjoncture difficile, l\u2019AOC Cairanne, pass\u00e9e en cru en 2016, affiche une bonne Fili\u00e8re vin \ud83c\udf47 Fili\u00e8re : Cairanne voit rouge Engag\u00e9s depuis 1963 , Vignobles &amp; Compagnie","breadcrumb":{"@id":"https:\/\/boutique.vignoblescompagnie.com\/home\/fb-blog\/%f0%9f%8d%87-filiere-cairanne-voit-rouge\/#breadcrumb"},"inLanguage":"fr-FR","potentialAction":[{"@type":"ReadAction","target":["https:\/\/boutique.vignoblescompagnie.com\/home\/fb-blog\/%f0%9f%8d%87-filiere-cairanne-voit-rouge\/"]}]},{"@type":"ImageObject","inLanguage":"fr-FR","@id":"https:\/\/boutique.vignoblescompagnie.com\/home\/fb-blog\/%f0%9f%8d%87-filiere-cairanne-voit-rouge\/#primaryimage","url":"https:\/\/boutique.vignoblescompagnie.com\/wp-content\/uploads\/2025\/06\/FILIERE-CAIRANNE.webp","contentUrl":"https:\/\/boutique.vignoblescompagnie.com\/wp-content\/uploads\/2025\/06\/FILIERE-CAIRANNE.webp","width":494,"height":308,"caption":"FILIERE - CAIRANNE"},{"@type":"BreadcrumbList","@id":"https:\/\/boutique.vignoblescompagnie.com\/home\/fb-blog\/%f0%9f%8d%87-filiere-cairanne-voit-rouge\/#breadcrumb","itemListElement":[{"@type":"ListItem","position":1,"name":"Home","item":"https:\/\/boutique.vignoblescompagnie.com\/home\/"},{"@type":"ListItem","position":2,"name":"\ud83c\udf47 Fili\u00e8re : Cairanne voit rouge"}]},{"@type":"WebSite","@id":"https:\/\/boutique.vignoblescompagnie.com\/home\/#website","url":"https:\/\/boutique.vignoblescompagnie.com\/home\/","name":"Vignobles &amp; Compagnie","description":"Engag\u00e9s depuis 1963","publisher":{"@id":"https:\/\/boutique.vignoblescompagnie.com\/home\/#organization"},"potentialAction":[{"@type":"SearchAction","target":{"@type":"EntryPoint","urlTemplate":"https:\/\/boutique.vignoblescompagnie.com\/home\/?s={search_term_string}"},"query-input":{"@type":"PropertyValueSpecification","valueRequired":true,"valueName":"search_term_string"}}],"inLanguage":"fr-FR"},{"@type":"Organization","@id":"https:\/\/boutique.vignoblescompagnie.com\/home\/#organization","name":"Vignobles&Compagnie","url":"https:\/\/boutique.vignoblescompagnie.com\/home\/","logo":{"@type":"ImageObject","inLanguage":"fr-FR","@id":"https:\/\/boutique.vignoblescompagnie.com\/home\/#\/schema\/logo\/image\/","url":"","contentUrl":"","caption":"Vignobles&Compagnie"},"image":{"@id":"https:\/\/boutique.vignoblescompagnie.com\/home\/#\/schema\/logo\/image\/"},"sameAs":["https:\/\/www.facebook.com\/Vignobles-Compagnie-1936655449884246\/","https:\/\/www.instagram.com\/vignoblescompagnie_rhone\/?hl=fr","https:\/\/www.linkedin.com\/company-beta\/16238931\/","https:\/\/www.youtube.com\/channel\/UCG_Dbr-g9ZLVmr2sX-tTO9g"]},{"@type":"Person","@id":"https:\/\/boutique.vignoblescompagnie.com\/home\/#\/schema\/person\/22575e2c93433935a2a6b445e0d1f10e","name":"Nolwenn Quiot-Ducarre","image":{"@type":"ImageObject","inLanguage":"fr-FR","@id":"https:\/\/boutique.vignoblescompagnie.com\/home\/#\/schema\/person\/image\/","url":"https:\/\/secure.gravatar.com\/avatar\/886fe3022312387f24fa024d5c7f94d7c199e1e5950bf506fb234e605d458409?s=96&d=mm&r=g","contentUrl":"https:\/\/secure.gravatar.com\/avatar\/886fe3022312387f24fa024d5c7f94d7c199e1e5950bf506fb234e605d458409?s=96&d=mm&r=g","caption":"Nolwenn Quiot-Ducarre"}}]}},"_links":{"self":[{"href":"https:\/\/boutique.vignoblescompagnie.com\/home\/wp-json\/wp\/v2\/posts\/19257","targetHints":{"allow":["GET"]}}],"collection":[{"href":"https:\/\/boutique.vignoblescompagnie.com\/home\/wp-json\/wp\/v2\/posts"}],"about":[{"href":"https:\/\/boutique.vignoblescompagnie.com\/home\/wp-json\/wp\/v2\/types\/post"}],"author":[{"embeddable":true,"href":"https:\/\/boutique.vignoblescompagnie.com\/home\/wp-json\/wp\/v2\/users\/906"}],"replies":[{"embeddable":true,"href":"https:\/\/boutique.vignoblescompagnie.com\/home\/wp-json\/wp\/v2\/comments?post=19257"}],"version-history":[{"count":0,"href":"https:\/\/boutique.vignoblescompagnie.com\/home\/wp-json\/wp\/v2\/posts\/19257\/revisions"}],"wp:featuredmedia":[{"embeddable":true,"href":"https:\/\/boutique.vignoblescompagnie.com\/home\/wp-json\/wp\/v2\/media\/19261"}],"wp:attachment":[{"href":"https:\/\/boutique.vignoblescompagnie.com\/home\/wp-json\/wp\/v2\/media?parent=19257"}],"wp:term":[{"taxonomy":"category","embeddable":true,"href":"https:\/\/boutique.vignoblescompagnie.com\/home\/wp-json\/wp\/v2\/categories?post=19257"},{"taxonomy":"post_tag","embeddable":true,"href":"https:\/\/boutique.vignoblescompagnie.com\/home\/wp-json\/wp\/v2\/tags?post=19257"}],"curies":[{"name":"wp","href":"https:\/\/api.w.org\/{rel}","templated":true}]}}